{"id":171299,"date":"2025-02-28T12:28:21","date_gmt":"2025-02-28T10:28:21","guid":{"rendered":"https:\/\/www.sekundomer.ee\/?p=171299"},"modified":"2025-02-28T12:28:21","modified_gmt":"2025-02-28T10:28:21","slug":"karel-tilga-loobus-euroopa-meistrivoistlustelt-haiguse-tottu","status":"publish","type":"post","link":"https:\/\/www.sekundomer.ee\/et\/uudised\/karel-tilga-loobus-euroopa-meistrivoistlustelt-haiguse-tottu\/","title":{"rendered":"Karel Tilga loobus Euroopa meistriv\u00f5istlustelt haiguse t\u00f5ttu"},"content":{"rendered":"<p>Kergej\u00f5ustiku Euroopa sisemeistriv\u00f5istlustele s\u00f5itvas Eesti koondises toimus muudatus. Mitmev\u00f5istleja Karel Tilga teatas t\u00e4na, et peab Apeldoornis toimuvast sise EM-ist haigestumise t\u00f5ttu loobuma. Tilga on n\u00e4dal aega v\u00f5idelnud gripilaadse viirusega ning k\u00f5rge palavik hoidis teda pikalt voodis. Eile proovis ta staadionil teha esimese kerge treeningu, kuid n\u00f5rk enesetunne ei lasknud tal seda l\u00f5puni teha. P\u00e4rast p\u00f5hjalikku kaalumist langetas Tilga raske otsuse v\u00f5istlustest loobuda.<\/p>\n<p>Kuna edetabeli j\u00e4rgi oli omale koha v\u00f5istlustel taganud ka Rasmus Roosleht (pildil), siis v\u00f5tab n\u00fc\u00fcd Roosleht \u00fcle Tilga koha ning Eestit esindab siiski kolm seitsmev\u00f5istlejat. Rasmus Rooslehe jaoks on tegemist tema esimeste t\u00e4iskasvanute tiitliv\u00f5istlustega.<\/p>\n<p>Eestit esindab 6.-9. m\u00e4rtsil Hollandis 9-liikmeline koondis: seitsmev\u00f5istlejad Johannes Erm, Risto Lillemets ja Rasmus Roosleht, 60 m jooksjad Karl Erik Nazarov ja Ann Marii Kivikas, 60 m t\u00f5kkejooksjad Kreete Verlin ja Diana Suumann, 800 m jooksja Uku Renek Kronbergs ja k\u00f5rgush\u00fcppaja Elisabeth Pihela.<\/p>\n<p><em>Foto: T\u00f5nis T\u00f5nstr\u00f6m\/EKJL<\/em><\/p>\n<p style=\"font-weight: 400;\">\n","protected":false},"excerpt":{"rendered":"<p>Kergej\u00f5ustiku Euroopa sisemeistriv\u00f5istlustele s\u00f5itvas Eesti koondises toimus muudatus. Mitmev\u00f5istleja Karel Tilga teatas t\u00e4na, et peab Apeldoornis toimuvast sise EM-ist haigestumise t\u00f5ttu loobuma. Tilga on n\u00e4dal aega v\u00f5idelnud gripilaadse viirusega ning k\u00f5rge palavik hoidis teda pikalt voodis. Eile proovis ta staadionil teha esimese kerge treeningu, kuid n\u00f5rk enesetunne ei lasknud tal seda l\u00f5puni teha. P\u00e4rast p\u00f5hjalikku [&hellip;]<\/p>\n","protected":false},"author":80,"featured_media":171300,"comment_status":"open","ping_status":"open","sticky":false,"template":"","format":"standard","meta":{"_seopress_robots_primary_cat":"none","_seopress_titles_title":"","_seopress_titles_desc":"","_seopress_robots_index":"","footnotes":""},"categories":[201,142],"tags":[],"class_list":{"0":"post-171299","1":"post","2":"type-post","3":"status-publish","4":"format-standard","5":"has-post-thumbnail","7":"category-kergejoustik","8":"category-uudised"},"_links":{"self":[{"href":"https:\/\/www.sekundomer.ee\/et\/wp-json\/wp\/v2\/posts\/171299","targetHints":{"allow":["GET"]}}],"collection":[{"href":"https:\/\/www.sekundomer.ee\/et\/wp-json\/wp\/v2\/posts"}],"about":[{"href":"https:\/\/www.sekundomer.ee\/et\/wp-json\/wp\/v2\/types\/post"}],"author":[{"embeddable":true,"href":"https:\/\/www.sekundomer.ee\/et\/wp-json\/wp\/v2\/users\/80"}],"replies":[{"embeddable":true,"href":"https:\/\/www.sekundomer.ee\/et\/wp-json\/wp\/v2\/comments?post=171299"}],"version-history":[{"count":0,"href":"https:\/\/www.sekundomer.ee\/et\/wp-json\/wp\/v2\/posts\/171299\/revisions"}],"wp:featuredmedia":[{"embeddable":true,"href":"https:\/\/www.sekundomer.ee\/et\/wp-json\/wp\/v2\/media\/171300"}],"wp:attachment":[{"href":"https:\/\/www.sekundomer.ee\/et\/wp-json\/wp\/v2\/media?parent=171299"}],"wp:term":[{"taxonomy":"category","embeddable":true,"href":"https:\/\/www.sekundomer.ee\/et\/wp-json\/wp\/v2\/categories?post=171299"},{"taxonomy":"post_tag","embeddable":true,"href":"https:\/\/www.sekundomer.ee\/et\/wp-json\/wp\/v2\/tags?post=171299"}],"curies":[{"name":"wp","href":"https:\/\/api.w.org\/{rel}","templated":true}]}}