{"id":172100,"date":"2025-03-12T20:19:28","date_gmt":"2025-03-12T18:19:28","guid":{"rendered":"https:\/\/www.sekundomer.ee\/?p=172100"},"modified":"2025-03-12T20:19:28","modified_gmt":"2025-03-12T18:19:28","slug":"laskesuusatamine-susan-kulm-voitis-ibu-karikasarja-etapi","status":"publish","type":"post","link":"https:\/\/www.sekundomer.ee\/et\/uudised\/laskesuusatamine-susan-kulm-voitis-ibu-karikasarja-etapi\/","title":{"rendered":"Laskesuusatamine: Susan K\u00fclm v\u00f5itis IBU karikasarja etapi!"},"content":{"rendered":"<header class=\"article__head\">\n<div class=\"article-meta\">\n<p>Kolmap\u00e4eval, 12. m\u00e4rtsil v\u00f5itis Susan K\u00fclm Eestile ajaloolise kuldmedali. K\u00fclm l\u00e4bis Otep\u00e4\u00e4 IBU Cupil naiste 12,5 km l\u00fchikesel individuaaldistantsil neli lasketiiru eksimusteta ja kindlustas endale IBU karikasarja etapi v\u00f5idu. Teise koha sai norralanna Karolina Erdal (+ 5,6 sekundit) ja kolmanda koha prantslanna Camille Bene (+ 6,4).<\/p>\n<p>L\u00dcHIKE INDIVIDUAAL N<br \/>\n1. Susan K\u00fclm (0+0+0+0)<br \/>\n39. Tuuli Tomingas (2+1+0+2; +4:39.4)<br \/>\n56. Mirtel K\u00e4rsna (0+1+1+0; +6:57.9)<br \/>\n57. Pillerin Vilipuu (3+0+0+1; +6:58.7)<br \/>\n66. Kretel Kaljum\u00e4e (2+0+1+2; +8:00.7)<br \/>\n74. Grete Gaim (1+2+1+1; +10:29.4)<\/p>\n<\/div>\n<\/header>\n","protected":false},"excerpt":{"rendered":"<p>Kolmap\u00e4eval, 12. m\u00e4rtsil v\u00f5itis Susan K\u00fclm Eestile ajaloolise kuldmedali. K\u00fclm l\u00e4bis Otep\u00e4\u00e4 IBU Cupil naiste 12,5 km l\u00fchikesel individuaaldistantsil neli lasketiiru eksimusteta ja kindlustas endale IBU karikasarja etapi v\u00f5idu. Teise koha sai norralanna Karolina Erdal (+ 5,6 sekundit) ja kolmanda koha prantslanna Camille Bene (+ 6,4). L\u00dcHIKE INDIVIDUAAL N 1. Susan K\u00fclm (0+0+0+0) 39. Tuuli [&hellip;]<\/p>\n","protected":false},"author":80,"featured_media":172101,"comment_status":"open","ping_status":"open","sticky":false,"template":"","format":"standard","meta":{"_seopress_robots_primary_cat":"none","_seopress_titles_title":"","_seopress_titles_desc":"","_seopress_robots_index":"","footnotes":""},"categories":[194,142],"tags":[1288],"class_list":{"0":"post-172100","1":"post","2":"type-post","3":"status-publish","4":"format-standard","5":"has-post-thumbnail","7":"category-laskesuusatamine","8":"category-uudised","9":"tag-susan-kulm"},"_links":{"self":[{"href":"https:\/\/www.sekundomer.ee\/et\/wp-json\/wp\/v2\/posts\/172100","targetHints":{"allow":["GET"]}}],"collection":[{"href":"https:\/\/www.sekundomer.ee\/et\/wp-json\/wp\/v2\/posts"}],"about":[{"href":"https:\/\/www.sekundomer.ee\/et\/wp-json\/wp\/v2\/types\/post"}],"author":[{"embeddable":true,"href":"https:\/\/www.sekundomer.ee\/et\/wp-json\/wp\/v2\/users\/80"}],"replies":[{"embeddable":true,"href":"https:\/\/www.sekundomer.ee\/et\/wp-json\/wp\/v2\/comments?post=172100"}],"version-history":[{"count":0,"href":"https:\/\/www.sekundomer.ee\/et\/wp-json\/wp\/v2\/posts\/172100\/revisions"}],"wp:featuredmedia":[{"embeddable":true,"href":"https:\/\/www.sekundomer.ee\/et\/wp-json\/wp\/v2\/media\/172101"}],"wp:attachment":[{"href":"https:\/\/www.sekundomer.ee\/et\/wp-json\/wp\/v2\/media?parent=172100"}],"wp:term":[{"taxonomy":"category","embeddable":true,"href":"https:\/\/www.sekundomer.ee\/et\/wp-json\/wp\/v2\/categories?post=172100"},{"taxonomy":"post_tag","embeddable":true,"href":"https:\/\/www.sekundomer.ee\/et\/wp-json\/wp\/v2\/tags?post=172100"}],"curies":[{"name":"wp","href":"https:\/\/api.w.org\/{rel}","templated":true}]}}