{"id":172111,"date":"2025-03-13T06:51:22","date_gmt":"2025-03-13T04:51:22","guid":{"rendered":"https:\/\/www.sekundomer.ee\/?p=172111"},"modified":"2025-03-13T06:51:22","modified_gmt":"2025-03-13T04:51:22","slug":"jalgpall-peatreener-jurgen-henni-martsikuu-valikusse-kuulub-25-mangijat","status":"publish","type":"post","link":"https:\/\/www.sekundomer.ee\/et\/uudised\/jalgpall-peatreener-jurgen-henni-martsikuu-valikusse-kuulub-25-mangijat\/","title":{"rendered":"Jalgpall: peatreener J\u00fcrgen Henni m\u00e4rtsikuu valikusse kuulub 25 m\u00e4ngijat"},"content":{"rendered":"<p>Eesti meeste koondis alustab MM-valiksarja m\u00e4rtsis, kui esimestes kohtumistes minnakse v\u00f5\u00f5rsil vastamisi Iisraeli ja Moldova koondisega. Peatreener J\u00fcrgen Henn (pildil) avalikustas Eesti koondise koosseisu.<\/p>\n<p>Vigastuse t\u00f5ttu j\u00e4\u00e4b koosseisust k\u00f5rvale meeste koondise kapten Karol Mets. \u201eKaroli eemale j\u00e4\u00e4mine paneb meid kahtlemata proovile. Peame leidma teised m\u00e4ngijad, kes tema puudumist korvavad. Olen Karoliga pidevalt suhtluses, hoian teda meie plaanidega kaasatuna, et suvises aknas oleks tema liitumine v\u00f5imalikult sujuv,\u201c r\u00e4\u00e4kis Henn. Lisaks Metsale taastub vigastusest poolkaitsja Rocco Robert Shein, mist\u00f5ttu ei ole ta veel m\u00e4rtsis valmis koondisega liituma.<\/p>\n<p>Meeste koondis koguneb p\u00fchap\u00e4eval,16. m\u00e4rtsil ja reisib Ungarisse, kus valmistutakse aasta esimeseks MM-valikm\u00e4nguks Iisraeli vastu. Kohtumine peetakse laup\u00e4eval, 22. m\u00e4rtsil Eesti aja j\u00e4rgi algusega kell 21.45 Debrecenis Nagyerdei staadionil. Kolm p\u00e4eva hiljem, 25. m\u00e4rtsil minnakse Chisinaus vastamisi Moldova koondisega. M\u00f5lema m\u00e4ngu otsepilti saab j\u00e4lgida ETV2 vahendusel.<\/p>\n<div><u>Eesti koondise koosseis m\u00e4rtsikuu m\u00e4ngudeks:<\/u><\/div>\n<div><b>V\u00e4ravavahid<br \/>\n<\/b>Karl Jakob Hein (13.04.2002) \u2013 Real Valladolid (ESP) 36\/0<br \/>\nMatvei Igonen (02.10.1996) \u2013 Plovdivi Botev (BUL) 15\/0<b><br \/>\n<\/b>Karl Andre Vallner (28.02.1998) \u2013 Tallinna FCI Levadia 4\/0<\/p>\n<p><b>Kaitsjad<\/b><br \/>\nJoonas Tamm (02.02.1992) \u2013 Plovdivi Botev (BUL) 64\/4<br \/>\nMaksim Paskot\u0161i (19.01.2003) \u2013 Z\u00fcrichi Grasshopper (SUI) 33\/0<br \/>\nM\u00e4rten Kuusk (05.04.1996) \u2013 GKS Katowice (POL) 33\/0<br \/>\nRasmus Peetson (03.05.1995) \u2013 Tallinna FCI Levadia 19\/1<br \/>\nMichael Schj\u00f8nning-Larsen (02.02.2001) \u2013 Tallinna FCI Levadia 8\/0<br \/>\nKristo Hussar (28.06.2002) \u2013 Tallinna FC Flora 4\/0<b><br \/>\n<\/b>Joseph Saliste (10.04.1995) \u2013 Paide Linnameeskond 4\/0<br \/>\nTanel Tammik (14.06.2002) \u2013 Tallinna FCI Levadia 0\/0<b><br \/>\n<\/b><br \/>\n<b>Poolkaitsjad<br \/>\n<\/b>Mattias K\u00e4it (29.06.1998) &#8211; FC Rapid (ROU) 56\/8<br \/>\nVlasiy Sinyavskiy (27.11.1996) \u2013 FC Slovacko (CZE) 39\/1<br \/>\nMartin Miller (25.09.1997) \u2013 Paide Linnameeskond 37\/2<br \/>\nMarkus Poom (27.02.1999) \u2013 Tallinna FC Flora 29\/0<br \/>\nMihkel Ainsalu (08.03.1996) \u2013 Tallinna FCI Levadia 21\/0<br \/>\nMarkus Soomets (02.03.2000) \u2013 FC Den Bosch (NED) 15\/0<br \/>\nKevor Palumets (21.11.2002) \u2013 Podbrezova \u017deleziarne (SVK) 10\/1<br \/>\nIoan Yakovlev (19.01.1998) \u2013 Panionios (GRE) 6\/1<br \/>\nPatrik Kristal (12.11.2007) \u2013 FC K\u00f6ln (GER) 2\/0<br \/>\nDimitri Jepihhin (28.10.2005) \u2013 AS Trencin (SVK) 0\/0<b><br \/>\n<\/b><br \/>\n<b>R\u00fcndajad<br \/>\n<\/b>Henri Anier (17.12.1990) \u2013 Lee Man (HKG) 99\/23<br \/>\nRauno Sappinen (23.01.1996) \u2013 Tallinna FC Flora 55\/12<br \/>\nAlex Matthias Tamm (24.07.2001) \u2013 Ljubljana Olimpija (SVN) 12\/2<b><br \/>\n<\/b>Robi Saarma (20.05.2001) \u2013 Paide Linnameeskond 5\/0<\/div>\n<div>Peatreener: J\u00fcrgen Henn<\/div>\n","protected":false},"excerpt":{"rendered":"<p>Eesti meeste koondis alustab MM-valiksarja m\u00e4rtsis, kui esimestes kohtumistes minnakse v\u00f5\u00f5rsil vastamisi Iisraeli ja Moldova koondisega. Peatreener J\u00fcrgen Henn (pildil) avalikustas Eesti koondise koosseisu. Vigastuse t\u00f5ttu j\u00e4\u00e4b koosseisust k\u00f5rvale meeste koondise kapten Karol Mets. \u201eKaroli eemale j\u00e4\u00e4mine paneb meid kahtlemata proovile. Peame leidma teised m\u00e4ngijad, kes tema puudumist korvavad. Olen Karoliga pidevalt suhtluses, hoian teda [&hellip;]<\/p>\n","protected":false},"author":80,"featured_media":172112,"comment_status":"open","ping_status":"open","sticky":false,"template":"","format":"standard","meta":{"_seopress_robots_primary_cat":"none","_seopress_titles_title":"","_seopress_titles_desc":"","_seopress_robots_index":"","footnotes":""},"categories":[203,142],"tags":[],"class_list":{"0":"post-172111","1":"post","2":"type-post","3":"status-publish","4":"format-standard","5":"has-post-thumbnail","7":"category-jalgpall","8":"category-uudised"},"_links":{"self":[{"href":"https:\/\/www.sekundomer.ee\/et\/wp-json\/wp\/v2\/posts\/172111","targetHints":{"allow":["GET"]}}],"collection":[{"href":"https:\/\/www.sekundomer.ee\/et\/wp-json\/wp\/v2\/posts"}],"about":[{"href":"https:\/\/www.sekundomer.ee\/et\/wp-json\/wp\/v2\/types\/post"}],"author":[{"embeddable":true,"href":"https:\/\/www.sekundomer.ee\/et\/wp-json\/wp\/v2\/users\/80"}],"replies":[{"embeddable":true,"href":"https:\/\/www.sekundomer.ee\/et\/wp-json\/wp\/v2\/comments?post=172111"}],"version-history":[{"count":0,"href":"https:\/\/www.sekundomer.ee\/et\/wp-json\/wp\/v2\/posts\/172111\/revisions"}],"wp:featuredmedia":[{"embeddable":true,"href":"https:\/\/www.sekundomer.ee\/et\/wp-json\/wp\/v2\/media\/172112"}],"wp:attachment":[{"href":"https:\/\/www.sekundomer.ee\/et\/wp-json\/wp\/v2\/media?parent=172111"}],"wp:term":[{"taxonomy":"category","embeddable":true,"href":"https:\/\/www.sekundomer.ee\/et\/wp-json\/wp\/v2\/categories?post=172111"},{"taxonomy":"post_tag","embeddable":true,"href":"https:\/\/www.sekundomer.ee\/et\/wp-json\/wp\/v2\/tags?post=172111"}],"curies":[{"name":"wp","href":"https:\/\/api.w.org\/{rel}","templated":true}]}}