{"id":172157,"date":"2025-03-15T18:40:52","date_gmt":"2025-03-15T16:40:52","guid":{"rendered":"https:\/\/www.sekundomer.ee\/?p=172157"},"modified":"2025-03-15T18:40:52","modified_gmt":"2025-03-15T16:40:52","slug":"kristjan-ilves-saavutas-oslos-toimunud-mm-il-uheksanda-koha","status":"publish","type":"post","link":"https:\/\/www.sekundomer.ee\/et\/uudised\/kristjan-ilves-saavutas-oslos-toimunud-mm-il-uheksanda-koha\/","title":{"rendered":"Kristjan Ilves saavutas Oslos toimunud MM-il \u00fcheksanda koha"},"content":{"rendered":"<p>Kahev\u00f5istluse maailmakarika j\u00e4rgmine etapp toimub Oslos. Eesti kahev\u00f5istleja saavutas esimesel v\u00f5istlusel \u00fcheksanda koha. H\u00fcppesarjas n\u00e4itas meie sportlane 123 meetri h\u00fcppega (+ 58 sekundit) 14. tulemust ning l\u00f5petas 10 km s\u00f5idu \u00fcheksandana, kaotades v\u00f5itjale Vincenz Geigerile Saksamaalt 55,1 sekundit. Teiseks tuli Jarl Magnus Riiber ja kolmandaks Johannes Lamparter Austriast.<\/p>\n<p>J\u00e4rgmine v\u00f5istlus toimub homme Oslos.<\/p>\n","protected":false},"excerpt":{"rendered":"<p>Kahev\u00f5istluse maailmakarika j\u00e4rgmine etapp toimub Oslos. Eesti kahev\u00f5istleja saavutas esimesel v\u00f5istlusel \u00fcheksanda koha. H\u00fcppesarjas n\u00e4itas meie sportlane 123 meetri h\u00fcppega (+ 58 sekundit) 14. tulemust ning l\u00f5petas 10 km s\u00f5idu \u00fcheksandana, kaotades v\u00f5itjale Vincenz Geigerile Saksamaalt 55,1 sekundit. Teiseks tuli Jarl Magnus Riiber ja kolmandaks Johannes Lamparter Austriast. J\u00e4rgmine v\u00f5istlus toimub homme Oslos.<\/p>\n","protected":false},"author":80,"featured_media":170567,"comment_status":"open","ping_status":"open","sticky":false,"template":"","format":"standard","meta":{"_seopress_robots_primary_cat":"none","_seopress_titles_title":"","_seopress_titles_desc":"","_seopress_robots_index":"","footnotes":""},"categories":[195,142],"tags":[430],"class_list":{"0":"post-172157","1":"post","2":"type-post","3":"status-publish","4":"format-standard","5":"has-post-thumbnail","7":"category-kahevoistlus","8":"category-uudised","9":"tag-kristjan-ilves"},"_links":{"self":[{"href":"https:\/\/www.sekundomer.ee\/et\/wp-json\/wp\/v2\/posts\/172157","targetHints":{"allow":["GET"]}}],"collection":[{"href":"https:\/\/www.sekundomer.ee\/et\/wp-json\/wp\/v2\/posts"}],"about":[{"href":"https:\/\/www.sekundomer.ee\/et\/wp-json\/wp\/v2\/types\/post"}],"author":[{"embeddable":true,"href":"https:\/\/www.sekundomer.ee\/et\/wp-json\/wp\/v2\/users\/80"}],"replies":[{"embeddable":true,"href":"https:\/\/www.sekundomer.ee\/et\/wp-json\/wp\/v2\/comments?post=172157"}],"version-history":[{"count":0,"href":"https:\/\/www.sekundomer.ee\/et\/wp-json\/wp\/v2\/posts\/172157\/revisions"}],"wp:featuredmedia":[{"embeddable":true,"href":"https:\/\/www.sekundomer.ee\/et\/wp-json\/wp\/v2\/media\/170567"}],"wp:attachment":[{"href":"https:\/\/www.sekundomer.ee\/et\/wp-json\/wp\/v2\/media?parent=172157"}],"wp:term":[{"taxonomy":"category","embeddable":true,"href":"https:\/\/www.sekundomer.ee\/et\/wp-json\/wp\/v2\/categories?post=172157"},{"taxonomy":"post_tag","embeddable":true,"href":"https:\/\/www.sekundomer.ee\/et\/wp-json\/wp\/v2\/tags?post=172157"}],"curies":[{"name":"wp","href":"https:\/\/api.w.org\/{rel}","templated":true}]}}