{"id":172211,"date":"2025-03-18T11:30:24","date_gmt":"2025-03-18T09:30:24","guid":{"rendered":"https:\/\/www.sekundomer.ee\/?p=172211"},"modified":"2025-03-18T11:30:24","modified_gmt":"2025-03-18T09:30:24","slug":"neidude-u17-koondis-leppis-valikturniiri-avakohtumises-kasahstaniga-viiki","status":"publish","type":"post","link":"https:\/\/www.sekundomer.ee\/et\/uudised\/neidude-u17-koondis-leppis-valikturniiri-avakohtumises-kasahstaniga-viiki\/","title":{"rendered":"Neidude U17 koondis leppis valikturniiri avakohtumises Kasahstaniga viiki"},"content":{"rendered":"<div class=\"intro\">\n<p>Eesti neidude U17 koondis pidas t\u00e4na, 17. m\u00e4rtsil P\u00f5hja-Iirimaal toimuval EM-valikturniiril teise ringi avakohtumise, kus Kasahstani eakaaslastega lepiti 2:2 viiki. Meie meeskonna v\u00e4ravad l\u00f5id Grete Gross ja Elizaveta Ju\u017eaninova.<\/p>\n<\/div>\n<p>Oma teise kohtumise valikturniiril peab Eesti neljap\u00e4eval, 20. m\u00e4rtsil Eesti aja j\u00e4rgi kell 14.30, kui vastamisi minnakse Montenegro eakaaslastega.<\/p>\n<p><em>Pildil Eesti neidude U17 koondise koosseis kohtumises Kasahstaniga. Foto: Eesti Jalgpalli Liit<\/em><\/p>\n","protected":false},"excerpt":{"rendered":"<p>Eesti neidude U17 koondis pidas t\u00e4na, 17. m\u00e4rtsil P\u00f5hja-Iirimaal toimuval EM-valikturniiril teise ringi avakohtumise, kus Kasahstani eakaaslastega lepiti 2:2 viiki. Meie meeskonna v\u00e4ravad l\u00f5id Grete Gross ja Elizaveta Ju\u017eaninova. Oma teise kohtumise valikturniiril peab Eesti neljap\u00e4eval, 20. m\u00e4rtsil Eesti aja j\u00e4rgi kell 14.30, kui vastamisi minnakse Montenegro eakaaslastega. Pildil Eesti neidude U17 koondise koosseis kohtumises [&hellip;]<\/p>\n","protected":false},"author":80,"featured_media":172212,"comment_status":"open","ping_status":"open","sticky":false,"template":"","format":"standard","meta":{"_seopress_robots_primary_cat":"none","_seopress_titles_title":"","_seopress_titles_desc":"","_seopress_robots_index":"","footnotes":""},"categories":[203,142],"tags":[],"class_list":{"0":"post-172211","1":"post","2":"type-post","3":"status-publish","4":"format-standard","5":"has-post-thumbnail","7":"category-jalgpall","8":"category-uudised"},"_links":{"self":[{"href":"https:\/\/www.sekundomer.ee\/et\/wp-json\/wp\/v2\/posts\/172211","targetHints":{"allow":["GET"]}}],"collection":[{"href":"https:\/\/www.sekundomer.ee\/et\/wp-json\/wp\/v2\/posts"}],"about":[{"href":"https:\/\/www.sekundomer.ee\/et\/wp-json\/wp\/v2\/types\/post"}],"author":[{"embeddable":true,"href":"https:\/\/www.sekundomer.ee\/et\/wp-json\/wp\/v2\/users\/80"}],"replies":[{"embeddable":true,"href":"https:\/\/www.sekundomer.ee\/et\/wp-json\/wp\/v2\/comments?post=172211"}],"version-history":[{"count":0,"href":"https:\/\/www.sekundomer.ee\/et\/wp-json\/wp\/v2\/posts\/172211\/revisions"}],"wp:featuredmedia":[{"embeddable":true,"href":"https:\/\/www.sekundomer.ee\/et\/wp-json\/wp\/v2\/media\/172212"}],"wp:attachment":[{"href":"https:\/\/www.sekundomer.ee\/et\/wp-json\/wp\/v2\/media?parent=172211"}],"wp:term":[{"taxonomy":"category","embeddable":true,"href":"https:\/\/www.sekundomer.ee\/et\/wp-json\/wp\/v2\/categories?post=172211"},{"taxonomy":"post_tag","embeddable":true,"href":"https:\/\/www.sekundomer.ee\/et\/wp-json\/wp\/v2\/tags?post=172211"}],"curies":[{"name":"wp","href":"https:\/\/api.w.org\/{rel}","templated":true}]}}