{"id":172650,"date":"2025-04-03T19:43:01","date_gmt":"2025-04-03T16:43:01","guid":{"rendered":"https:\/\/www.sekundomer.ee\/?p=172650"},"modified":"2025-04-03T19:43:01","modified_gmt":"2025-04-03T16:43:01","slug":"aivar-pohlak-valiti-uefa-taitevkomiteesse","status":"publish","type":"post","link":"https:\/\/www.sekundomer.ee\/et\/uudised\/aivar-pohlak-valiti-uefa-taitevkomiteesse\/","title":{"rendered":"Aivar Pohlak valiti UEFA t\u00e4itevkomiteesse"},"content":{"rendered":"<p>Eesti Jalgpalli Liidu (EJL) president Aivar Pohlak valiti Euroopa alaliitude juhte koondavasse UEFA t\u00e4itevkomiteesse.<\/p>\n<p>EJLi president Pohlak valiti Belgradis toimunud kongressil ametisse neljaks aastaks, ta sai 37 h\u00e4\u00e4lt 55st. 20 liikmest koosnev UEFA t\u00e4itevkomitee on Euroopa jalgpalli juhtorgan, mis kannab vastutust ala arendamise eest ja kus v\u00f5etakse vastu Euroopa jalgpalliga seotud olulised otsused.<\/p>\n<p>Pohlak on alates 2007. aastast olnud UEFA noorte- ja amat\u00f6\u00f6rjalgpalli komisjoni aseesimees ning kuulnud alates 2023. aastast UEFA strateegia juhtimise komiteesse. Aastatel 2008\u20132016 oli ta FIFA ausa m\u00e4ngu ja sotsiaalse vastutuse komitee liige ning aastatel 2017\u20132018 FIFA eetikomitee liige.<\/p>\n<p><i>EJLi president Aivar Pohlak. Foto: Liisi Troska\/jalgpall.ee<\/i><\/p>\n<p>EJLi pressiteenistus<\/p>\n","protected":false},"excerpt":{"rendered":"<p>Eesti Jalgpalli Liidu (EJL) president Aivar Pohlak valiti Euroopa alaliitude juhte koondavasse UEFA t\u00e4itevkomiteesse. EJLi president Pohlak valiti Belgradis toimunud kongressil ametisse neljaks aastaks, ta sai 37 h\u00e4\u00e4lt 55st. 20 liikmest koosnev UEFA t\u00e4itevkomitee on Euroopa jalgpalli juhtorgan, mis kannab vastutust ala arendamise eest ja kus v\u00f5etakse vastu Euroopa jalgpalliga seotud olulised otsused. Pohlak on [&hellip;]<\/p>\n","protected":false},"author":80,"featured_media":172651,"comment_status":"open","ping_status":"open","sticky":false,"template":"","format":"standard","meta":{"_seopress_robots_primary_cat":"none","_seopress_titles_title":"","_seopress_titles_desc":"","_seopress_robots_index":"","footnotes":""},"categories":[203,142],"tags":[1362],"class_list":{"0":"post-172650","1":"post","2":"type-post","3":"status-publish","4":"format-standard","5":"has-post-thumbnail","7":"category-jalgpall","8":"category-uudised","9":"tag-aivar-pohlak"},"_links":{"self":[{"href":"https:\/\/www.sekundomer.ee\/et\/wp-json\/wp\/v2\/posts\/172650","targetHints":{"allow":["GET"]}}],"collection":[{"href":"https:\/\/www.sekundomer.ee\/et\/wp-json\/wp\/v2\/posts"}],"about":[{"href":"https:\/\/www.sekundomer.ee\/et\/wp-json\/wp\/v2\/types\/post"}],"author":[{"embeddable":true,"href":"https:\/\/www.sekundomer.ee\/et\/wp-json\/wp\/v2\/users\/80"}],"replies":[{"embeddable":true,"href":"https:\/\/www.sekundomer.ee\/et\/wp-json\/wp\/v2\/comments?post=172650"}],"version-history":[{"count":1,"href":"https:\/\/www.sekundomer.ee\/et\/wp-json\/wp\/v2\/posts\/172650\/revisions"}],"predecessor-version":[{"id":172653,"href":"https:\/\/www.sekundomer.ee\/et\/wp-json\/wp\/v2\/posts\/172650\/revisions\/172653"}],"wp:featuredmedia":[{"embeddable":true,"href":"https:\/\/www.sekundomer.ee\/et\/wp-json\/wp\/v2\/media\/172651"}],"wp:attachment":[{"href":"https:\/\/www.sekundomer.ee\/et\/wp-json\/wp\/v2\/media?parent=172650"}],"wp:term":[{"taxonomy":"category","embeddable":true,"href":"https:\/\/www.sekundomer.ee\/et\/wp-json\/wp\/v2\/categories?post=172650"},{"taxonomy":"post_tag","embeddable":true,"href":"https:\/\/www.sekundomer.ee\/et\/wp-json\/wp\/v2\/tags?post=172650"}],"curies":[{"name":"wp","href":"https:\/\/api.w.org\/{rel}","templated":true}]}}