{"id":173031,"date":"2025-04-13T09:22:45","date_gmt":"2025-04-13T06:22:45","guid":{"rendered":"https:\/\/www.sekundomer.ee\/?p=173031"},"modified":"2025-04-13T09:27:11","modified_gmt":"2025-04-13T06:27:11","slug":"liis-grete-arro-pustitas-euroopa-meistrivoistlustel-poolmaratonis-uue-isikliku-rekordi","status":"publish","type":"post","link":"https:\/\/www.sekundomer.ee\/et\/uudised\/liis-grete-arro-pustitas-euroopa-meistrivoistlustel-poolmaratonis-uue-isikliku-rekordi\/","title":{"rendered":"Liis-Grete Arro p\u00fcstitas Euroopa meistriv\u00f5istlustel poolmaratonis uue isikliku rekordi"},"content":{"rendered":"<div class=\"xdj266r x11i5rnm xat24cr x1mh8g0r x1vvkbs x126k92a\">\n<p dir=\"auto\">Eile Belgias alanud esimestel maanteejooksu Euroopa meistriv\u00f5istlustel p\u00fcstitas Liis-Grete Arro poolmaratonis isikliku rekordi ajaga 1:16.33 ning saavutas 28. koha.<\/p>\n<p dir=\"auto\">Leuveni linnas kulgenud poolmaratoni rada hindas Arro \u00fcsna raskeks ning ilm oli jooksjate jaoks v\u00e4ga soe. \u201cJ\u00e4in jooksuga rahule ning olen isikliku rekordi \u00fcle v\u00e4ga \u00f5nnelik. Kindlasti annab t\u00e4nane jooks palju enesekindlust edasiseks hooajaks ning eesm\u00e4rk on \u00fcletada sel hooajal veel isiklikke rekordeid,\u201d lausus Arro peale jooksu.<\/p>\n<p dir=\"auto\">T\u00e4na toimub Leuvenis veel 10 kilomeetri jooks ning Br\u00fcsselist saab alguse maraton, mis l\u00f5ppeb samuti Leuvenis. 10 km jooksus osalevad Laura Maasik ja Morten Siht, maratoni l\u00e4hevad jooksma Tiidrek Nurme, Leonid Latsepov ja Karel Hussar.<\/p>\n<\/div>\n<div dir=\"auto\"><em>Foto: European Athletics<\/em><\/div>\n","protected":false},"excerpt":{"rendered":"<p>Eile Belgias alanud esimestel maanteejooksu Euroopa meistriv\u00f5istlustel p\u00fcstitas Liis-Grete Arro poolmaratonis isikliku rekordi ajaga 1:16.33 ning saavutas 28. koha. Leuveni linnas kulgenud poolmaratoni rada hindas Arro \u00fcsna raskeks ning ilm oli jooksjate jaoks v\u00e4ga soe. \u201cJ\u00e4in jooksuga rahule ning olen isikliku rekordi \u00fcle v\u00e4ga \u00f5nnelik. Kindlasti annab t\u00e4nane jooks palju enesekindlust edasiseks hooajaks ning eesm\u00e4rk [&hellip;]<\/p>\n","protected":false},"author":80,"featured_media":173032,"comment_status":"open","ping_status":"open","sticky":false,"template":"","format":"standard","meta":{"_seopress_robots_primary_cat":"none","_seopress_titles_title":"","_seopress_titles_desc":"","_seopress_robots_index":"","footnotes":""},"categories":[201,142],"tags":[1246],"class_list":{"0":"post-173031","1":"post","2":"type-post","3":"status-publish","4":"format-standard","5":"has-post-thumbnail","7":"category-kergejoustik","8":"category-uudised","9":"tag-liis-grete-arro"},"_links":{"self":[{"href":"https:\/\/www.sekundomer.ee\/et\/wp-json\/wp\/v2\/posts\/173031","targetHints":{"allow":["GET"]}}],"collection":[{"href":"https:\/\/www.sekundomer.ee\/et\/wp-json\/wp\/v2\/posts"}],"about":[{"href":"https:\/\/www.sekundomer.ee\/et\/wp-json\/wp\/v2\/types\/post"}],"author":[{"embeddable":true,"href":"https:\/\/www.sekundomer.ee\/et\/wp-json\/wp\/v2\/users\/80"}],"replies":[{"embeddable":true,"href":"https:\/\/www.sekundomer.ee\/et\/wp-json\/wp\/v2\/comments?post=173031"}],"version-history":[{"count":2,"href":"https:\/\/www.sekundomer.ee\/et\/wp-json\/wp\/v2\/posts\/173031\/revisions"}],"predecessor-version":[{"id":173035,"href":"https:\/\/www.sekundomer.ee\/et\/wp-json\/wp\/v2\/posts\/173031\/revisions\/173035"}],"wp:featuredmedia":[{"embeddable":true,"href":"https:\/\/www.sekundomer.ee\/et\/wp-json\/wp\/v2\/media\/173032"}],"wp:attachment":[{"href":"https:\/\/www.sekundomer.ee\/et\/wp-json\/wp\/v2\/media?parent=173031"}],"wp:term":[{"taxonomy":"category","embeddable":true,"href":"https:\/\/www.sekundomer.ee\/et\/wp-json\/wp\/v2\/categories?post=173031"},{"taxonomy":"post_tag","embeddable":true,"href":"https:\/\/www.sekundomer.ee\/et\/wp-json\/wp\/v2\/tags?post=173031"}],"curies":[{"name":"wp","href":"https:\/\/api.w.org\/{rel}","templated":true}]}}