{"id":173201,"date":"2025-04-21T12:27:43","date_gmt":"2025-04-21T09:27:43","guid":{"rendered":"https:\/\/www.sekundomer.ee\/?p=173201"},"modified":"2025-04-21T12:27:43","modified_gmt":"2025-04-21T09:27:43","slug":"jalgpalliliit-kinnitas-presidendivalimisteks-kaks-kandidaati","status":"publish","type":"post","link":"https:\/\/www.sekundomer.ee\/et\/uudised\/jalgpalliliit-kinnitas-presidendivalimisteks-kaks-kandidaati\/","title":{"rendered":"Jalgpalliliit kinnitas presidendivalimisteks kaks kandidaati"},"content":{"rendered":"<p>Sel suvel, 19. juunil toimuval Eesti Jalgpalli Liidu (EJL) \u00fcldkogul valitakse alaliidule president j\u00e4rgmiseks neljaks aastaks ning vastavalt EJLi p\u00f5hikirja tingimuste t\u00e4itmisele kandideerivad sellele kohale Aivar Pohlak ja Ragnar Klavan.<\/p>\n<p>Presidendiks kandideerijad pidid vastavalt EJLi p\u00f5hikirjale esitama hiljemalt 60 p\u00e4eva enne \u00fcldkogu toimumist (praegusel juhul 20. aprilliks) EJLile v\u00e4hemalt 15 protsendi liikmete toetuskirja oma kandidatuurile. Jalgpalliliidule laekus oma liikmetelt toetuskirju kahele kandidaadile: Ragnar Klavanile 18 toetuskirja (17 protsenti) ning Aivar Pohlakule 70 toetuskirja (66 protsenti).<\/p>\n<p>Valimiste protseduur n\u00e4eb ette, et valituks loetakse kandidaat, kelle poolt h\u00e4\u00e4letab \u00fcle poole \u00fcldkogust osa v\u00f5tnud liikmetest. Kui kumbki kandidaat ei saa n\u00f5utavat h\u00e4\u00e4lteenamust, peetakse teine h\u00e4\u00e4letusvoor, kus loetakse valituks kandidaat, kes sai rohkem h\u00e4\u00e4li. Kui kandidaadid koguvad v\u00f5rdselt h\u00e4\u00e4li, siis korraldatakse lisah\u00e4\u00e4letusvoor(ud) seni, kuni selgub v\u00f5itja. Kuna kohale kandideerib rohkem kui \u00fcks kandidaat, on h\u00e4\u00e4letus vastavalt p\u00f5hikirjale salajane.<\/p>\n<p>T\u00e4navune \u00fcldkogu toimub neljap\u00e4eval, 19. juunil algusega kell 14 A. Le Coq Arenal. Tavap\u00e4raselt tuleb \u00fcldkogule kinnitamiseks s\u00f5ltumatu audiitori poolt auditeeritud majandusaasta aruanne, juhatus esitab ettekande organisatsiooni tegevusest \u00fcldkogu koosolekute vahelisel perioodil ja tutvustab eelarvet.<\/p>\n<p><em>Pressiteade<\/em><\/p>\n","protected":false},"excerpt":{"rendered":"<p>Sel suvel, 19. juunil toimuval Eesti Jalgpalli Liidu (EJL) \u00fcldkogul valitakse alaliidule president j\u00e4rgmiseks neljaks aastaks ning vastavalt EJLi p\u00f5hikirja tingimuste t\u00e4itmisele kandideerivad sellele kohale Aivar Pohlak ja Ragnar Klavan. Presidendiks kandideerijad pidid vastavalt EJLi p\u00f5hikirjale esitama hiljemalt 60 p\u00e4eva enne \u00fcldkogu toimumist (praegusel juhul 20. aprilliks) EJLile v\u00e4hemalt 15 protsendi liikmete toetuskirja oma kandidatuurile. [&hellip;]<\/p>\n","protected":false},"author":80,"featured_media":173202,"comment_status":"open","ping_status":"open","sticky":false,"template":"","format":"standard","meta":{"_seopress_robots_primary_cat":"none","_seopress_titles_title":"","_seopress_titles_desc":"","_seopress_robots_index":"","footnotes":""},"categories":[203,142],"tags":[],"class_list":{"0":"post-173201","1":"post","2":"type-post","3":"status-publish","4":"format-standard","5":"has-post-thumbnail","7":"category-jalgpall","8":"category-uudised"},"_links":{"self":[{"href":"https:\/\/www.sekundomer.ee\/et\/wp-json\/wp\/v2\/posts\/173201","targetHints":{"allow":["GET"]}}],"collection":[{"href":"https:\/\/www.sekundomer.ee\/et\/wp-json\/wp\/v2\/posts"}],"about":[{"href":"https:\/\/www.sekundomer.ee\/et\/wp-json\/wp\/v2\/types\/post"}],"author":[{"embeddable":true,"href":"https:\/\/www.sekundomer.ee\/et\/wp-json\/wp\/v2\/users\/80"}],"replies":[{"embeddable":true,"href":"https:\/\/www.sekundomer.ee\/et\/wp-json\/wp\/v2\/comments?post=173201"}],"version-history":[{"count":1,"href":"https:\/\/www.sekundomer.ee\/et\/wp-json\/wp\/v2\/posts\/173201\/revisions"}],"predecessor-version":[{"id":173204,"href":"https:\/\/www.sekundomer.ee\/et\/wp-json\/wp\/v2\/posts\/173201\/revisions\/173204"}],"wp:featuredmedia":[{"embeddable":true,"href":"https:\/\/www.sekundomer.ee\/et\/wp-json\/wp\/v2\/media\/173202"}],"wp:attachment":[{"href":"https:\/\/www.sekundomer.ee\/et\/wp-json\/wp\/v2\/media?parent=173201"}],"wp:term":[{"taxonomy":"category","embeddable":true,"href":"https:\/\/www.sekundomer.ee\/et\/wp-json\/wp\/v2\/categories?post=173201"},{"taxonomy":"post_tag","embeddable":true,"href":"https:\/\/www.sekundomer.ee\/et\/wp-json\/wp\/v2\/tags?post=173201"}],"curies":[{"name":"wp","href":"https:\/\/api.w.org\/{rel}","templated":true}]}}