{"id":173515,"date":"2025-05-05T14:48:36","date_gmt":"2025-05-05T11:48:36","guid":{"rendered":"https:\/\/www.sekundomer.ee\/?p=173515"},"modified":"2025-05-05T14:49:23","modified_gmt":"2025-05-05T11:49:23","slug":"johannes-erm-loobub-gotzise-mitmevoistlusest","status":"publish","type":"post","link":"https:\/\/www.sekundomer.ee\/et\/uudised\/johannes-erm-loobub-gotzise-mitmevoistlusest\/","title":{"rendered":"Johannes Erm loobub G\u00f6tzise mitmev\u00f5istlusest"},"content":{"rendered":"<p style=\"font-weight: 400;\">K\u00fcmnev\u00f5istleja Johannes Erm teatas, et on otsustanud loobuda 31. mail ja 1. juunil toimuvast G\u00f6tzise mitmev\u00f5istlusest.<\/p>\n<p style=\"font-weight: 400;\">Veidi \u00fcle kuu aja tagasi, 2. aprillil p\u00f5lveoperatsioonil k\u00e4inud Ermi s\u00f5nul on taastumine kulgenud plaanip\u00e4raselt, kuid hooaja p\u00f5hieesm\u00e4rke silmas pidades on m\u00f5istlik avastart edasi l\u00fckata.<\/p>\n<p style=\"font-weight: 400;\">\u201eArsti ja f\u00fcsioterapeudiga n\u00f5u pidades j\u00f5udsime \u00fchisele otsusele, et taastumisega ei tasu kiirustada ega riskida p\u00f5lve \u00e4rritamisega. Hooaja esimene v\u00f5istlus on plaanis 11.-12. juunil Oslo Teemantliiga etapil,\u201c s\u00f5nas Erm.<\/p>\n","protected":false},"excerpt":{"rendered":"<p>K\u00fcmnev\u00f5istleja Johannes Erm teatas, et on otsustanud loobuda 31. mail ja 1. juunil toimuvast G\u00f6tzise mitmev\u00f5istlusest. Veidi \u00fcle kuu aja tagasi, 2. aprillil p\u00f5lveoperatsioonil k\u00e4inud Ermi s\u00f5nul on taastumine kulgenud plaanip\u00e4raselt, kuid hooaja p\u00f5hieesm\u00e4rke silmas pidades on m\u00f5istlik avastart edasi l\u00fckata. \u201eArsti ja f\u00fcsioterapeudiga n\u00f5u pidades j\u00f5udsime \u00fchisele otsusele, et taastumisega ei tasu kiirustada ega [&hellip;]<\/p>\n","protected":false},"author":80,"featured_media":173516,"comment_status":"open","ping_status":"open","sticky":false,"template":"","format":"standard","meta":{"_seopress_robots_primary_cat":"none","_seopress_titles_title":"","_seopress_titles_desc":"","_seopress_robots_index":"","footnotes":""},"categories":[201,142],"tags":[1216],"class_list":{"0":"post-173515","1":"post","2":"type-post","3":"status-publish","4":"format-standard","5":"has-post-thumbnail","7":"category-kergejoustik","8":"category-uudised","9":"tag-johannes-erm"},"_links":{"self":[{"href":"https:\/\/www.sekundomer.ee\/et\/wp-json\/wp\/v2\/posts\/173515","targetHints":{"allow":["GET"]}}],"collection":[{"href":"https:\/\/www.sekundomer.ee\/et\/wp-json\/wp\/v2\/posts"}],"about":[{"href":"https:\/\/www.sekundomer.ee\/et\/wp-json\/wp\/v2\/types\/post"}],"author":[{"embeddable":true,"href":"https:\/\/www.sekundomer.ee\/et\/wp-json\/wp\/v2\/users\/80"}],"replies":[{"embeddable":true,"href":"https:\/\/www.sekundomer.ee\/et\/wp-json\/wp\/v2\/comments?post=173515"}],"version-history":[{"count":1,"href":"https:\/\/www.sekundomer.ee\/et\/wp-json\/wp\/v2\/posts\/173515\/revisions"}],"predecessor-version":[{"id":173518,"href":"https:\/\/www.sekundomer.ee\/et\/wp-json\/wp\/v2\/posts\/173515\/revisions\/173518"}],"wp:featuredmedia":[{"embeddable":true,"href":"https:\/\/www.sekundomer.ee\/et\/wp-json\/wp\/v2\/media\/173516"}],"wp:attachment":[{"href":"https:\/\/www.sekundomer.ee\/et\/wp-json\/wp\/v2\/media?parent=173515"}],"wp:term":[{"taxonomy":"category","embeddable":true,"href":"https:\/\/www.sekundomer.ee\/et\/wp-json\/wp\/v2\/categories?post=173515"},{"taxonomy":"post_tag","embeddable":true,"href":"https:\/\/www.sekundomer.ee\/et\/wp-json\/wp\/v2\/tags?post=173515"}],"curies":[{"name":"wp","href":"https:\/\/api.w.org\/{rel}","templated":true}]}}