{"id":173569,"date":"2025-05-06T15:15:53","date_gmt":"2025-05-06T12:15:53","guid":{"rendered":"https:\/\/www.sekundomer.ee\/?p=173569"},"modified":"2025-05-06T15:15:53","modified_gmt":"2025-05-06T12:15:53","slug":"eesti-kergejoustikuliidu-uus-president-on-madis-kallas","status":"publish","type":"post","link":"https:\/\/www.sekundomer.ee\/et\/uudised\/eesti-kergejoustikuliidu-uus-president-on-madis-kallas\/","title":{"rendered":"Eesti Kergej\u00f5ustikuliidu uus president on Madis Kallas"},"content":{"rendered":"<p style=\"font-weight: 400;\">T\u00e4na, 6. mail toimunud Eesti Kergej\u00f5ustikuliidu volikogu koosolekul valiti alaliidu uueks presidendiks Madis Kallas.<\/p>\n<p style=\"font-weight: 400;\"><strong>\u00a0<\/strong>Volikogul osalesid 41 liikmesklubi esindajad ning Madis Kallas valiti presidendiks 39 poolth\u00e4\u00e4lega. Lisaks kinnitati uus juhatus j\u00e4rgmises koosseisus: Mart Einasto, Anu Kaljurand, Kadri Kivine, Toomas M\u00e4lberg, Urmo Raiend, Erich Teigam\u00e4gi ja Jaak Vettik.<\/p>\n<p style=\"font-weight: 400;\">Kallas on viimased neli aastat kuulnud Eesti Kergej\u00f5ustikuliidu juhatusse ning v\u00f5tab teatepulga \u00fcle Erich Teigam\u00e4gilt, kelle jaoks l\u00f5ppes t\u00e4na erakordselt pikk, ligi kaks k\u00fcmnendit kestnud ametiaeg.<\/p>\n<p style=\"font-weight: 400;\">Madis Kallas on endine mitmev\u00f5istleja, kes on t\u00f6\u00f6tanud spordin\u00f5unikuna maavalitsuses, olnud linnapea, vallavanem, regionaalminister ja riigikogu liige. Tulenevalt oma varasematest ametitest peab ta oma tugevuseks head tunnetust kogu Eesti suhtes ning oskust m\u00f5ista \u00fchendatud kogukondade j\u00f5udu igas Eestimaa nurgas. Seet\u00f5ttu on ta presidendi ametisse astudes \u00fcheks oma peamiseks eesm\u00e4rgiks v\u00f5tnud kergej\u00f5ustiku kogukonna laiendamise, tuues spordiala juurde tagasi neid, kes on kunagi kergej\u00f5ustikuga eri tasanditel kokku puutunud.<\/p>\n<p style=\"font-weight: 400;\">Volikogul t\u00e4nati ka eelmise juhatuse koosseisu liikmeid, kes uues juhatuses on otsustanud mitte j\u00e4tkata: Gerd Kanter, Harry Lemberg, Mati Lilliallik ja Raido M\u00e4gi.<\/p>\n<p style=\"font-weight: 400;\"><em>Foto: Merlyn Lipp\/EKJL<\/em><\/p>\n","protected":false},"excerpt":{"rendered":"<p>T\u00e4na, 6. mail toimunud Eesti Kergej\u00f5ustikuliidu volikogu koosolekul valiti alaliidu uueks presidendiks Madis Kallas. \u00a0Volikogul osalesid 41 liikmesklubi esindajad ning Madis Kallas valiti presidendiks 39 poolth\u00e4\u00e4lega. Lisaks kinnitati uus juhatus j\u00e4rgmises koosseisus: Mart Einasto, Anu Kaljurand, Kadri Kivine, Toomas M\u00e4lberg, Urmo Raiend, Erich Teigam\u00e4gi ja Jaak Vettik. Kallas on viimased neli aastat kuulnud Eesti Kergej\u00f5ustikuliidu [&hellip;]<\/p>\n","protected":false},"author":80,"featured_media":173570,"comment_status":"open","ping_status":"open","sticky":false,"template":"","format":"standard","meta":{"_seopress_robots_primary_cat":"none","_seopress_titles_title":"","_seopress_titles_desc":"","_seopress_robots_index":"","footnotes":""},"categories":[201,142],"tags":[],"class_list":{"0":"post-173569","1":"post","2":"type-post","3":"status-publish","4":"format-standard","5":"has-post-thumbnail","7":"category-kergejoustik","8":"category-uudised"},"_links":{"self":[{"href":"https:\/\/www.sekundomer.ee\/et\/wp-json\/wp\/v2\/posts\/173569","targetHints":{"allow":["GET"]}}],"collection":[{"href":"https:\/\/www.sekundomer.ee\/et\/wp-json\/wp\/v2\/posts"}],"about":[{"href":"https:\/\/www.sekundomer.ee\/et\/wp-json\/wp\/v2\/types\/post"}],"author":[{"embeddable":true,"href":"https:\/\/www.sekundomer.ee\/et\/wp-json\/wp\/v2\/users\/80"}],"replies":[{"embeddable":true,"href":"https:\/\/www.sekundomer.ee\/et\/wp-json\/wp\/v2\/comments?post=173569"}],"version-history":[{"count":1,"href":"https:\/\/www.sekundomer.ee\/et\/wp-json\/wp\/v2\/posts\/173569\/revisions"}],"predecessor-version":[{"id":173572,"href":"https:\/\/www.sekundomer.ee\/et\/wp-json\/wp\/v2\/posts\/173569\/revisions\/173572"}],"wp:featuredmedia":[{"embeddable":true,"href":"https:\/\/www.sekundomer.ee\/et\/wp-json\/wp\/v2\/media\/173570"}],"wp:attachment":[{"href":"https:\/\/www.sekundomer.ee\/et\/wp-json\/wp\/v2\/media?parent=173569"}],"wp:term":[{"taxonomy":"category","embeddable":true,"href":"https:\/\/www.sekundomer.ee\/et\/wp-json\/wp\/v2\/categories?post=173569"},{"taxonomy":"post_tag","embeddable":true,"href":"https:\/\/www.sekundomer.ee\/et\/wp-json\/wp\/v2\/tags?post=173569"}],"curies":[{"name":"wp","href":"https:\/\/api.w.org\/{rel}","templated":true}]}}