{"id":173606,"date":"2025-05-10T16:37:23","date_gmt":"2025-05-10T13:37:23","guid":{"rendered":"https:\/\/www.sekundomer.ee\/?p=173606"},"modified":"2025-05-10T16:37:23","modified_gmt":"2025-05-10T13:37:23","slug":"tartu-maastikumaratoni-voitsid-karel-hussar-ja-liis-grete-arro","status":"publish","type":"post","link":"https:\/\/www.sekundomer.ee\/et\/uudised\/tartu-maastikumaratoni-voitsid-karel-hussar-ja-liis-grete-arro\/","title":{"rendered":"Tartu Maastikumaratoni v\u00f5itsid Karel Hussar ja Liis-Grete Arro"},"content":{"rendered":"<div class=\"newsHeaderData\">\n<div class=\"newsIntro\">\n<p>T\u00e4na joostud 43. Tartu Maastikumaratoni 21 distantsi v\u00f5idud l\u00e4ksid \u00fchte perekonda kui meeste arvestuse v\u00f5itis Karel Hussar rajarekordiga 01:07:25 ja naiste arvestuse Liis-Grete Arro ajaga 01:21:59, vahendab tartumaraton.ee<\/p>\n<\/div>\n<div class=\"newsPic\"><\/div>\n<\/div>\n<div>\n<p>\u201eSiin \u00fcritusel on v\u00f5itjatel nimelised stardinumbrid ning ma olen juba m\u00f5nda aega seda omale tahtnud. N\u00fc\u00fcd siis sain v\u00f5idu k\u00e4tte,\u201c kommenteeris esmakordselt Tartu Maastikumaratoni v\u00f5itnud Hussar. \u201eOlin n\u00e4dala alguses haige ning seet\u00f5ttu enne jooksu veidi ebakindel. \u00d5nneks viimased paar p\u00e4eva oli enesetunne hea ja k\u00f5ik \u00f5nnestus\u201c lisas juba jooksu alguses liidriks l\u00e4inud Hussar.<\/p>\n<p>Meeste v\u00f5itjale j\u00e4rgnesid teise koha saavutanud Olavi Allase (+00:00:52)\u00a0ning kolmanda aja jooksnud Bert Tippi (+00:04:20).<\/p>\n<p>Naiste arvestuses tuli tuli teisele kohale Minna Kelk (+00:02:54)\u00a0ja kolmandale kohale Kertu Kula (+00:04:03).<\/p>\n<\/div>\n","protected":false},"excerpt":{"rendered":"<p>T\u00e4na joostud 43. Tartu Maastikumaratoni 21 distantsi v\u00f5idud l\u00e4ksid \u00fchte perekonda kui meeste arvestuse v\u00f5itis Karel Hussar rajarekordiga 01:07:25 ja naiste arvestuse Liis-Grete Arro ajaga 01:21:59, vahendab tartumaraton.ee \u201eSiin \u00fcritusel on v\u00f5itjatel nimelised stardinumbrid ning ma olen juba m\u00f5nda aega seda omale tahtnud. N\u00fc\u00fcd siis sain v\u00f5idu k\u00e4tte,\u201c kommenteeris esmakordselt Tartu Maastikumaratoni v\u00f5itnud Hussar. \u201eOlin [&hellip;]<\/p>\n","protected":false},"author":80,"featured_media":173607,"comment_status":"open","ping_status":"open","sticky":false,"template":"","format":"standard","meta":{"_seopress_robots_primary_cat":"none","_seopress_titles_title":"","_seopress_titles_desc":"","_seopress_robots_index":"","footnotes":""},"categories":[201,142],"tags":[],"class_list":{"0":"post-173606","1":"post","2":"type-post","3":"status-publish","4":"format-standard","5":"has-post-thumbnail","7":"category-kergejoustik","8":"category-uudised"},"_links":{"self":[{"href":"https:\/\/www.sekundomer.ee\/et\/wp-json\/wp\/v2\/posts\/173606","targetHints":{"allow":["GET"]}}],"collection":[{"href":"https:\/\/www.sekundomer.ee\/et\/wp-json\/wp\/v2\/posts"}],"about":[{"href":"https:\/\/www.sekundomer.ee\/et\/wp-json\/wp\/v2\/types\/post"}],"author":[{"embeddable":true,"href":"https:\/\/www.sekundomer.ee\/et\/wp-json\/wp\/v2\/users\/80"}],"replies":[{"embeddable":true,"href":"https:\/\/www.sekundomer.ee\/et\/wp-json\/wp\/v2\/comments?post=173606"}],"version-history":[{"count":1,"href":"https:\/\/www.sekundomer.ee\/et\/wp-json\/wp\/v2\/posts\/173606\/revisions"}],"predecessor-version":[{"id":173609,"href":"https:\/\/www.sekundomer.ee\/et\/wp-json\/wp\/v2\/posts\/173606\/revisions\/173609"}],"wp:featuredmedia":[{"embeddable":true,"href":"https:\/\/www.sekundomer.ee\/et\/wp-json\/wp\/v2\/media\/173607"}],"wp:attachment":[{"href":"https:\/\/www.sekundomer.ee\/et\/wp-json\/wp\/v2\/media?parent=173606"}],"wp:term":[{"taxonomy":"category","embeddable":true,"href":"https:\/\/www.sekundomer.ee\/et\/wp-json\/wp\/v2\/categories?post=173606"},{"taxonomy":"post_tag","embeddable":true,"href":"https:\/\/www.sekundomer.ee\/et\/wp-json\/wp\/v2\/tags?post=173606"}],"curies":[{"name":"wp","href":"https:\/\/api.w.org\/{rel}","templated":true}]}}