{"id":173937,"date":"2025-05-29T17:21:32","date_gmt":"2025-05-29T14:21:32","guid":{"rendered":"https:\/\/www.sekundomer.ee\/?p=173937"},"modified":"2025-05-29T17:21:32","modified_gmt":"2025-05-29T14:21:32","slug":"eesti-alustab-mm-valikmangude-teekonda-kodumurul-iisraeli-vastu-6-juunil","status":"publish","type":"post","link":"https:\/\/www.sekundomer.ee\/et\/uudised\/eesti-alustab-mm-valikmangude-teekonda-kodumurul-iisraeli-vastu-6-juunil\/","title":{"rendered":"Eesti alustab MM-valikm\u00e4ngude teekonda kodumurul Iisraeli vastu 6. juunil"},"content":{"rendered":"<p>Eesti meeste koondis koguneb j\u00e4rgmisel n\u00e4dalal, et pidada kaks olulist MM-valikm\u00e4ngu kodupubliku ees. A. Le Coq Arenal v\u00f5\u00f5rustatakse 6. juunil Iisraeli ja 9. juunil Norrat.<\/p>\n<p>Eesti koondislane Mattias K\u00e4it meenutab sel puhul oma esimest m\u00e4lestust pealtvaatajana A. Le Coq Arenal, mis ulatub aastasse 2009, mil Eesti v\u00f5\u00f5rustas maav\u00f5istluses Brasiiliat. K\u00e4idi s\u00f5nul on tal h\u00e4sti meeles, et m\u00e4ngu piletid olid t\u00f5eline defitsiit ning neid polnud lihtne endale soetada.<\/p>\n<p>\u201eMinul \u00f5nnestus piletid saada l\u00e4bi N\u00f5mme Kalju suve- v\u00f5i perep\u00e4evade Hiiu staadionil, kus toimus loosimine,\u201c \u00fctleb poolkaitsja. \u201eM\u00e4letan v\u00e4ga h\u00e4sti, et ma istusin Jalgpallihaigla poolt vaadates staadioni paremas nurgas. Miks see mul nii h\u00e4sti meeles on? Sest Eesti koondis ei saa v\u00e4ga tihti v\u00f5\u00f5rustada Brasiiliat A. Le Coq Arenal.\u201c<\/p>\n<p>Eesti alustab MM-valikm\u00e4ngude teekonda kodumurul Iisraeli vastu 6. juunil, Norrat v\u00f5\u00f5rustatakse 9. juunil. Festivaliala staadioni \u00fcmber avatakse m\u00f5lemal kohtumisel koos mitmesuguste tegevustega kell 19.00, v\u00e4ravad staadionile kell 19.45, meeskondade soojendused algavad kell 21, m\u00e4ngu avatseremoonia kell 21.30 ning avavile kell 21.45.<\/p>\n<p class=\"elementToProof\"><i>Mattias K\u00e4it t\u00e4histab m\u00e4rtsis Moldova v\u00f5rku l\u00f6\u00f6dud v\u00e4ravat. Foto: Liisi Troska \/ jalgpall.ee<\/i><\/p>\n","protected":false},"excerpt":{"rendered":"<p>Eesti meeste koondis koguneb j\u00e4rgmisel n\u00e4dalal, et pidada kaks olulist MM-valikm\u00e4ngu kodupubliku ees. A. Le Coq Arenal v\u00f5\u00f5rustatakse 6. juunil Iisraeli ja 9. juunil Norrat. Eesti koondislane Mattias K\u00e4it meenutab sel puhul oma esimest m\u00e4lestust pealtvaatajana A. Le Coq Arenal, mis ulatub aastasse 2009, mil Eesti v\u00f5\u00f5rustas maav\u00f5istluses Brasiiliat. K\u00e4idi s\u00f5nul on tal h\u00e4sti meeles, [&hellip;]<\/p>\n","protected":false},"author":80,"featured_media":173938,"comment_status":"open","ping_status":"open","sticky":false,"template":"","format":"standard","meta":{"_seopress_robots_primary_cat":"none","_seopress_titles_title":"","_seopress_titles_desc":"","_seopress_robots_index":"","footnotes":""},"categories":[203,142],"tags":[],"class_list":{"0":"post-173937","1":"post","2":"type-post","3":"status-publish","4":"format-standard","5":"has-post-thumbnail","7":"category-jalgpall","8":"category-uudised"},"_links":{"self":[{"href":"https:\/\/www.sekundomer.ee\/et\/wp-json\/wp\/v2\/posts\/173937","targetHints":{"allow":["GET"]}}],"collection":[{"href":"https:\/\/www.sekundomer.ee\/et\/wp-json\/wp\/v2\/posts"}],"about":[{"href":"https:\/\/www.sekundomer.ee\/et\/wp-json\/wp\/v2\/types\/post"}],"author":[{"embeddable":true,"href":"https:\/\/www.sekundomer.ee\/et\/wp-json\/wp\/v2\/users\/80"}],"replies":[{"embeddable":true,"href":"https:\/\/www.sekundomer.ee\/et\/wp-json\/wp\/v2\/comments?post=173937"}],"version-history":[{"count":1,"href":"https:\/\/www.sekundomer.ee\/et\/wp-json\/wp\/v2\/posts\/173937\/revisions"}],"predecessor-version":[{"id":173940,"href":"https:\/\/www.sekundomer.ee\/et\/wp-json\/wp\/v2\/posts\/173937\/revisions\/173940"}],"wp:featuredmedia":[{"embeddable":true,"href":"https:\/\/www.sekundomer.ee\/et\/wp-json\/wp\/v2\/media\/173938"}],"wp:attachment":[{"href":"https:\/\/www.sekundomer.ee\/et\/wp-json\/wp\/v2\/media?parent=173937"}],"wp:term":[{"taxonomy":"category","embeddable":true,"href":"https:\/\/www.sekundomer.ee\/et\/wp-json\/wp\/v2\/categories?post=173937"},{"taxonomy":"post_tag","embeddable":true,"href":"https:\/\/www.sekundomer.ee\/et\/wp-json\/wp\/v2\/tags?post=173937"}],"curies":[{"name":"wp","href":"https:\/\/api.w.org\/{rel}","templated":true}]}}