{"id":173966,"date":"2025-05-31T18:59:15","date_gmt":"2025-05-31T15:59:15","guid":{"rendered":"https:\/\/www.sekundomer.ee\/?p=173966"},"modified":"2025-05-31T19:00:06","modified_gmt":"2025-05-31T16:00:06","slug":"koondisega-liitub-brent-lepistu-vigastatud-joonas-tamm-jaab-eemale","status":"publish","type":"post","link":"https:\/\/www.sekundomer.ee\/et\/uudised\/koondisega-liitub-brent-lepistu-vigastatud-joonas-tamm-jaab-eemale\/","title":{"rendered":"Koondisega liitub Brent Lepistu, vigastatud Joonas Tamm j\u00e4\u00e4b eemale"},"content":{"rendered":"<p>Eesti meeste koondises toimus juunikuiste MM-valikm\u00e4ngude eel muudatus: vigastatud Joonas Tamme asemel liitub v\u00f5istkonnaga Brent Lepistu.<\/p>\n<p>Tallinna FCI Levadia keskkaitsja Lepistu on koondist esindanud 13 korda, viimati k\u00e4is ta v\u00e4ljakul 2019. aastal Gibraltari vastu, kui Eesti sai kirja 1:0 v\u00f5idu.<\/p>\n<p>Vigastuse t\u00f5ttu j\u00e4\u00e4b m\u00e4ngudest Iisraeli ja Norra vastu k\u00f5rvale ka koondise kapten Karol Mets.<\/p>\n<p>Koondis koguneb esmasp\u00e4eval, 2. juunil ning k\u00f5igil toetajatel on v\u00f5imalik k\u00fclastada kell 17 algavat treeningut TNTK staadionil. Trennij\u00e4rgselt on iga\u00fchel v\u00f5imalus k\u00fcsida koondislastelt autogramme ja teha f\u00e4nnipilte.<\/p>\n<p>Eesti alustab MM-valikm\u00e4ngude teekonda kodumurul Iisraeli vastu 6. juunil, Norrat v\u00f5\u00f5rustatakse 9. juunil.<\/p>\n<div><u>Eesti koondise koosseis juunikuu m\u00e4ngudeks:<\/u><\/div>\n<div><b>V\u00e4ravavahid<br \/>\n<\/b>Karl Jakob Hein (13.04.2002) \u2013 Real Valladolid (ESP) 37\/0<br \/>\nMatvei Igonen (02.10.1996) \u2013 Plovdivi Botev (BUL) 17\/0<b><br \/>\n<\/b>Karl Andre Vallner (28.02.1998) \u2013 Tallinna FCI Levadia 4\/0<b>Kaitsjad<\/b><br \/>\nMaksim Paskot\u0161i (19.01.2003) \u2013 Z\u00fcrichi Grasshopper (SUI) 35\/1<br \/>\nM\u00e4rten Kuusk (05.04.1996) \u2013 GKS Katowice (POL) 35\/0<br \/>\nRasmus Peetson (03.05.1995) \u2013 Tallinna FCI Levadia 21\/2<br \/>\nBrent Lepistu (26.03.1993) \u2013 Tallinna FCI Levadia 13\/0<br \/>\nMichael Schj\u00f8nning-Larsen (02.02.2001) \u2013 Tallinna FCI Levadia 10\/0<br \/>\nKristo Hussar (28.06.2002) \u2013 Tallinna FC Flora 5\/0<b><br \/>\n<\/b>Joseph Saliste (10.04.1995) \u2013 Paide Linnameeskond 5\/0<br \/>\nErko Jonne T\u00f5ugjas (05.07.2003) \u2013 Tallinna FC Flora 4\/0<b><br \/>\n<\/b><br \/>\n<b>Poolkaitsjad<br \/>\n<\/b>Mattias K\u00e4it (29.06.1998) &#8211; FC Rapid (ROU) 58\/9<br \/>\nVlasiy Sinyavskiy (27.11.1996) \u2013 FC Slovacko (CZE) 41\/1<br \/>\nMartin Miller (25.09.1997) \u2013 Paide Linnameeskond 38\/2<br \/>\nMarkus Poom (27.02.1999) \u2013 Tallinna FC Flora 30\/0<br \/>\nMihkel Ainsalu (08.03.1996) \u2013 Tallinna FCI Levadia 22\/0<br \/>\nRocco Robert Shein (14.07.2003) \u2013 Fredrikstad FK (NOR) 16\/1<br \/>\nMarkus Soomets (02.03.2000) \u2013 FC Den Bosch (NED) 16\/0<br \/>\nKevor Palumets (21.11.2002) \u2013 Podbrezova \u017deleziarne (SVK) 11\/1<br \/>\nIoan Yakovlev (19.01.1998) \u2013 Panionios (GRE) 8\/1<br \/>\nPatrik Kristal (12.11.2007) \u2013 FC K\u00f6ln (GER) 3\/0<br \/>\nDimitri Jepihhin (28.10.2005) \u2013 AS Trencin (SVK) 0\/0<b><br \/>\n<\/b><br \/>\n<b>R\u00fcndajad<br \/>\n<\/b>Henri Anier (17.12.1990) \u2013 Lee Man (HKG) 100\/23<br \/>\nRauno Sappinen (23.01.1996) \u2013 Tallinna FC Flora 56\/13<br \/>\nAlex Matthias Tamm (24.07.2001) \u2013 Ljubljana Olimpija (SVN) 14\/2<b><br \/>\n<\/b>Robi Saarma (20.05.2001) \u2013 Paide Linnameeskond 6\/0<br \/>\nPeatreener: J\u00fcrgen Henn<\/p>\n<\/div>\n<p><em>Pressiteade<br \/>\n<\/em><i>Pildil Brent Lepistu 2019. aastal m\u00e4ngus Gibraltari vastu. Foto: Jana Pipar<\/i><\/p>\n","protected":false},"excerpt":{"rendered":"<p>Eesti meeste koondises toimus juunikuiste MM-valikm\u00e4ngude eel muudatus: vigastatud Joonas Tamme asemel liitub v\u00f5istkonnaga Brent Lepistu. Tallinna FCI Levadia keskkaitsja Lepistu on koondist esindanud 13 korda, viimati k\u00e4is ta v\u00e4ljakul 2019. aastal Gibraltari vastu, kui Eesti sai kirja 1:0 v\u00f5idu. Vigastuse t\u00f5ttu j\u00e4\u00e4b m\u00e4ngudest Iisraeli ja Norra vastu k\u00f5rvale ka koondise kapten Karol Mets. Koondis [&hellip;]<\/p>\n","protected":false},"author":80,"featured_media":173967,"comment_status":"open","ping_status":"open","sticky":false,"template":"","format":"standard","meta":{"_seopress_robots_primary_cat":"none","_seopress_titles_title":"","_seopress_titles_desc":"","_seopress_robots_index":"","footnotes":""},"categories":[203,142],"tags":[],"class_list":{"0":"post-173966","1":"post","2":"type-post","3":"status-publish","4":"format-standard","5":"has-post-thumbnail","7":"category-jalgpall","8":"category-uudised"},"_links":{"self":[{"href":"https:\/\/www.sekundomer.ee\/et\/wp-json\/wp\/v2\/posts\/173966","targetHints":{"allow":["GET"]}}],"collection":[{"href":"https:\/\/www.sekundomer.ee\/et\/wp-json\/wp\/v2\/posts"}],"about":[{"href":"https:\/\/www.sekundomer.ee\/et\/wp-json\/wp\/v2\/types\/post"}],"author":[{"embeddable":true,"href":"https:\/\/www.sekundomer.ee\/et\/wp-json\/wp\/v2\/users\/80"}],"replies":[{"embeddable":true,"href":"https:\/\/www.sekundomer.ee\/et\/wp-json\/wp\/v2\/comments?post=173966"}],"version-history":[{"count":2,"href":"https:\/\/www.sekundomer.ee\/et\/wp-json\/wp\/v2\/posts\/173966\/revisions"}],"predecessor-version":[{"id":173970,"href":"https:\/\/www.sekundomer.ee\/et\/wp-json\/wp\/v2\/posts\/173966\/revisions\/173970"}],"wp:featuredmedia":[{"embeddable":true,"href":"https:\/\/www.sekundomer.ee\/et\/wp-json\/wp\/v2\/media\/173967"}],"wp:attachment":[{"href":"https:\/\/www.sekundomer.ee\/et\/wp-json\/wp\/v2\/media?parent=173966"}],"wp:term":[{"taxonomy":"category","embeddable":true,"href":"https:\/\/www.sekundomer.ee\/et\/wp-json\/wp\/v2\/categories?post=173966"},{"taxonomy":"post_tag","embeddable":true,"href":"https:\/\/www.sekundomer.ee\/et\/wp-json\/wp\/v2\/tags?post=173966"}],"curies":[{"name":"wp","href":"https:\/\/api.w.org\/{rel}","templated":true}]}}