{"id":174145,"date":"2025-06-04T05:09:36","date_gmt":"2025-06-04T02:09:36","guid":{"rendered":"https:\/\/www.sekundomer.ee\/?p=174145"},"modified":"2025-06-04T05:09:36","modified_gmt":"2025-06-04T02:09:36","slug":"uefa-naiste-rahvuste-liiga-eesti-alistas-bulgaaria-kuid-ei-paasenud-jargmisesse-liigasse","status":"publish","type":"post","link":"https:\/\/www.sekundomer.ee\/et\/uudised\/uefa-naiste-rahvuste-liiga-eesti-alistas-bulgaaria-kuid-ei-paasenud-jargmisesse-liigasse\/","title":{"rendered":"UEFA naiste Rahvuste liiga: Eesti alistas Bulgaaria, kuid ei p\u00e4\u00e4senud j\u00e4rgmisesse liigasse"},"content":{"rendered":"<div class=\"intro\">\n<p>Eesti naiste koondise jaoks l\u00f5ppes UEFA Rahvuste liiga hooaeg t\u00e4na, 3. juunil, kui v\u00f5\u00f5rsil mindi vastamisi Bulgaariaga. Eesti avas liigas hilise v\u00e4ravaga v\u00f5iduarve, kui vastane alistati tulemusega\u00a0<a href=\"https:\/\/www.uefa.com\/womensnationsleague\/match\/2042998--bulgaria-vs-estonia\/\">1:0<\/a>. Meie naiskonna jaoks oli 91. m\u00e4nguminutil v\u00e4rava autoriks Kristina Teern.<\/p>\n<\/div>\n<p>Eesti kuulus Rahvuste liiga C-tasandil kolmesesse alagruppi koos Bulgaaria ja Iisraeliga. Iisrael v\u00f5ttis kolme v\u00f5idu ja \u00fche viigiga alagrupiv\u00f5idu ning t\u00f5useb tuleval hooajal astme v\u00f5rra k\u00f5rgemale B-liigasse. Alagrupis platseerus teisele reale neli punkti (lisaks t\u00e4nasele v\u00f5idule oli Eestil kirjas ka 0:0 viik Bulgaariaga) teeninud Eesti ning kolmandale kaks punkti kirja saanud Bulgaaria.<\/p>\n<p>Rahvuste liiga hooaeg on n\u00fc\u00fcd l\u00f5ppenud. J\u00e4rgmisena ootab Eesti naiste koondist ees kaks maav\u00f5istlust Kosovoga, mis peetakse 28. juunil ja 1. juulil kodusel Kadrioru staadionil.<\/p>\n","protected":false},"excerpt":{"rendered":"<p>Eesti naiste koondise jaoks l\u00f5ppes UEFA Rahvuste liiga hooaeg t\u00e4na, 3. juunil, kui v\u00f5\u00f5rsil mindi vastamisi Bulgaariaga. Eesti avas liigas hilise v\u00e4ravaga v\u00f5iduarve, kui vastane alistati tulemusega\u00a01:0. Meie naiskonna jaoks oli 91. m\u00e4nguminutil v\u00e4rava autoriks Kristina Teern. Eesti kuulus Rahvuste liiga C-tasandil kolmesesse alagruppi koos Bulgaaria ja Iisraeliga. Iisrael v\u00f5ttis kolme v\u00f5idu ja \u00fche viigiga [&hellip;]<\/p>\n","protected":false},"author":80,"featured_media":173958,"comment_status":"open","ping_status":"open","sticky":false,"template":"","format":"standard","meta":{"_seopress_robots_primary_cat":"none","_seopress_titles_title":"","_seopress_titles_desc":"","_seopress_robots_index":"","footnotes":""},"categories":[203,142],"tags":[],"class_list":{"0":"post-174145","1":"post","2":"type-post","3":"status-publish","4":"format-standard","5":"has-post-thumbnail","7":"category-jalgpall","8":"category-uudised"},"_links":{"self":[{"href":"https:\/\/www.sekundomer.ee\/et\/wp-json\/wp\/v2\/posts\/174145","targetHints":{"allow":["GET"]}}],"collection":[{"href":"https:\/\/www.sekundomer.ee\/et\/wp-json\/wp\/v2\/posts"}],"about":[{"href":"https:\/\/www.sekundomer.ee\/et\/wp-json\/wp\/v2\/types\/post"}],"author":[{"embeddable":true,"href":"https:\/\/www.sekundomer.ee\/et\/wp-json\/wp\/v2\/users\/80"}],"replies":[{"embeddable":true,"href":"https:\/\/www.sekundomer.ee\/et\/wp-json\/wp\/v2\/comments?post=174145"}],"version-history":[{"count":1,"href":"https:\/\/www.sekundomer.ee\/et\/wp-json\/wp\/v2\/posts\/174145\/revisions"}],"predecessor-version":[{"id":174146,"href":"https:\/\/www.sekundomer.ee\/et\/wp-json\/wp\/v2\/posts\/174145\/revisions\/174146"}],"wp:featuredmedia":[{"embeddable":true,"href":"https:\/\/www.sekundomer.ee\/et\/wp-json\/wp\/v2\/media\/173958"}],"wp:attachment":[{"href":"https:\/\/www.sekundomer.ee\/et\/wp-json\/wp\/v2\/media?parent=174145"}],"wp:term":[{"taxonomy":"category","embeddable":true,"href":"https:\/\/www.sekundomer.ee\/et\/wp-json\/wp\/v2\/categories?post=174145"},{"taxonomy":"post_tag","embeddable":true,"href":"https:\/\/www.sekundomer.ee\/et\/wp-json\/wp\/v2\/tags?post=174145"}],"curies":[{"name":"wp","href":"https:\/\/api.w.org\/{rel}","templated":true}]}}