{"id":174894,"date":"2025-07-23T05:07:11","date_gmt":"2025-07-23T02:07:11","guid":{"rendered":"https:\/\/www.sekundomer.ee\/?p=174894"},"modified":"2025-07-23T05:07:11","modified_gmt":"2025-07-23T02:07:11","slug":"vilniuses-selguvad-u20-vanuseklassi-balti-meistrid","status":"publish","type":"post","link":"https:\/\/www.sekundomer.ee\/et\/uudised\/vilniuses-selguvad-u20-vanuseklassi-balti-meistrid\/","title":{"rendered":"Vilniuses selguvad U20 vanuseklassi Balti meistrid"},"content":{"rendered":"<p>T\u00e4na toimuvad Leedu pealinnas Vilniuses U20 vanuseklassi Balti v\u00f5istkondlikud meistriv\u00f5istlused. M\u00f6\u00f6dunud aasta v\u00f5idukarikat asub kaitsma Eesti koondis.<\/p>\n<p>Noormeeste 100 m jooksus l\u00e4heb koondisele k\u00f5rgeid punkte tooma hiljuti U20 Eesti rekordi p\u00fcstitanud Rasmus Jaanson. Samuti sel hooajal kiireid aegu n\u00e4idanud Herman Seire on stardis nii 100 m kui 200 m sprindis. Kettaheites loodab head tulemust n\u00e4idata Sten-Erik Iir ning t\u00f5kkesprindis Tristan Konso.<\/p>\n<p>Neidude 100 m jooksus asub koondise esinumbrina v\u00f5istlustulle Miia Ott. Mia Mireia Uusorg teeb kaasa 200 m jooksus. T\u00f5kkesprindis l\u00e4hevad koondisele k\u00f5rgeid punkte tooma Pia Lauren Matsalu ja Marleen Ritari ning 400 m t\u00f5kkejooksus asub starti Viola Hambidge.<\/p>\n<p>Vilniuses toimuvad U20 Balti meistriv\u00f5istlused on sportlastele viimane v\u00f5imalus t\u00e4ita augustikuus toimuvate U20 Euroopa meistriv\u00f5istluste normatiive. Vaata kogu Eesti koondise nimekirja\u00a0<a href=\"https:\/\/www.ekjl.ee\/u20-balti-voistkondlikud-meistrivoistlused-2025\/\" target=\"_blank\" rel=\"noreferrer noopener\">SIIT<\/a><\/p>\n<p>V\u00f5istluste algus kolmap\u00e4eval kell 13:00.<\/p>\n<p><em>Foto: T\u00f5nis T\u00f5nstr\u00f6m\/EKJL<\/em><\/p>\n","protected":false},"excerpt":{"rendered":"<p>T\u00e4na toimuvad Leedu pealinnas Vilniuses U20 vanuseklassi Balti v\u00f5istkondlikud meistriv\u00f5istlused. M\u00f6\u00f6dunud aasta v\u00f5idukarikat asub kaitsma Eesti koondis. Noormeeste 100 m jooksus l\u00e4heb koondisele k\u00f5rgeid punkte tooma hiljuti U20 Eesti rekordi p\u00fcstitanud Rasmus Jaanson. Samuti sel hooajal kiireid aegu n\u00e4idanud Herman Seire on stardis nii 100 m kui 200 m sprindis. Kettaheites loodab head tulemust n\u00e4idata [&hellip;]<\/p>\n","protected":false},"author":80,"featured_media":174895,"comment_status":"open","ping_status":"open","sticky":false,"template":"","format":"standard","meta":{"_seopress_robots_primary_cat":"none","_seopress_titles_title":"","_seopress_titles_desc":"","_seopress_robots_index":"","footnotes":""},"categories":[201,142],"tags":[],"class_list":{"0":"post-174894","1":"post","2":"type-post","3":"status-publish","4":"format-standard","5":"has-post-thumbnail","7":"category-kergejoustik","8":"category-uudised"},"_links":{"self":[{"href":"https:\/\/www.sekundomer.ee\/et\/wp-json\/wp\/v2\/posts\/174894","targetHints":{"allow":["GET"]}}],"collection":[{"href":"https:\/\/www.sekundomer.ee\/et\/wp-json\/wp\/v2\/posts"}],"about":[{"href":"https:\/\/www.sekundomer.ee\/et\/wp-json\/wp\/v2\/types\/post"}],"author":[{"embeddable":true,"href":"https:\/\/www.sekundomer.ee\/et\/wp-json\/wp\/v2\/users\/80"}],"replies":[{"embeddable":true,"href":"https:\/\/www.sekundomer.ee\/et\/wp-json\/wp\/v2\/comments?post=174894"}],"version-history":[{"count":1,"href":"https:\/\/www.sekundomer.ee\/et\/wp-json\/wp\/v2\/posts\/174894\/revisions"}],"predecessor-version":[{"id":174897,"href":"https:\/\/www.sekundomer.ee\/et\/wp-json\/wp\/v2\/posts\/174894\/revisions\/174897"}],"wp:featuredmedia":[{"embeddable":true,"href":"https:\/\/www.sekundomer.ee\/et\/wp-json\/wp\/v2\/media\/174895"}],"wp:attachment":[{"href":"https:\/\/www.sekundomer.ee\/et\/wp-json\/wp\/v2\/media?parent=174894"}],"wp:term":[{"taxonomy":"category","embeddable":true,"href":"https:\/\/www.sekundomer.ee\/et\/wp-json\/wp\/v2\/categories?post=174894"},{"taxonomy":"post_tag","embeddable":true,"href":"https:\/\/www.sekundomer.ee\/et\/wp-json\/wp\/v2\/tags?post=174894"}],"curies":[{"name":"wp","href":"https:\/\/api.w.org\/{rel}","templated":true}]}}