{"id":175490,"date":"2025-08-22T14:29:05","date_gmt":"2025-08-22T11:29:05","guid":{"rendered":"https:\/\/www.sekundomer.ee\/?p=175490"},"modified":"2025-08-22T14:29:05","modified_gmt":"2025-08-22T11:29:05","slug":"rasmus-magi-loobub-mm-il-osalemisest","status":"publish","type":"post","link":"https:\/\/www.sekundomer.ee\/et\/uudised\/rasmus-magi-loobub-mm-il-osalemisest\/","title":{"rendered":"Rasmus M\u00e4gi loobub MM-il osalemisest"},"content":{"rendered":"<p style=\"font-weight: 400;\">Kolm n\u00e4dalat enne Tokyo maailmameistriv\u00f5istluste algust teatas 400 m t\u00f5kkejooksja Rasmus M\u00e4gi, et on sunnitud t\u00e4navu MM-il osalemisest loobuma.<\/p>\n<p style=\"font-weight: 400;\">Kahekordne maailmameistriv\u00f5istluste finalist ja Eesti rekordiomanik pole sel hooajal \u00fchtegi starti teinud ning toob loobumise peamise p\u00f5hjusena v\u00e4lja ebapiisava ettevalmistuse.<\/p>\n<p style=\"font-weight: 400;\">\u201eEttevalmistus pole vastavalt minu standarditele \u00f5nnestunud ning olukorras, kus ma ei ole oma parimate p\u00e4evade tasemel, ei tule MM-il osalemine minu puhul k\u00f5ne alla,\u201c selgitas M\u00e4gi olukorda. \u201eP\u00f6iamurest taastumine on kujunenud loodetust pikemaks, seet\u00f5ttu pean t\u00e4ielikku tervenemist hetkel v\u00f5istlemisest olulisemaks.\u201c<\/p>\n<p style=\"font-weight: 400;\">Tegu oleks olnud M\u00e4gi kuuendate maailmameistriv\u00f5istlustega. Tema senine parim tulemus p\u00e4rineb 2023. aasta Budapesti MM-ilt, kus ta saavutas finaalis seitsmenda koha.<\/p>\n<p style=\"font-weight: 400;\">Tokyo maailmameistriv\u00f5istlused toimuvad 13.-21. septembrini. Eesti koondise l\u00f5plik nimekiri selgub j\u00e4rgmisel n\u00e4dalal. Seni on endale koha kindlustanud maratoonarid Tiidrek Nurme ja Leonid Latsepov ning k\u00fcmnev\u00f5istlejad Johannes Erm ja Janek \u00d5iglane.<\/p>\n","protected":false},"excerpt":{"rendered":"<p>Kolm n\u00e4dalat enne Tokyo maailmameistriv\u00f5istluste algust teatas 400 m t\u00f5kkejooksja Rasmus M\u00e4gi, et on sunnitud t\u00e4navu MM-il osalemisest loobuma. Kahekordne maailmameistriv\u00f5istluste finalist ja Eesti rekordiomanik pole sel hooajal \u00fchtegi starti teinud ning toob loobumise peamise p\u00f5hjusena v\u00e4lja ebapiisava ettevalmistuse. \u201eEttevalmistus pole vastavalt minu standarditele \u00f5nnestunud ning olukorras, kus ma ei ole oma parimate p\u00e4evade tasemel, [&hellip;]<\/p>\n","protected":false},"author":80,"featured_media":127964,"comment_status":"open","ping_status":"open","sticky":false,"template":"","format":"standard","meta":{"_seopress_robots_primary_cat":"none","_seopress_titles_title":"","_seopress_titles_desc":"","_seopress_robots_index":"","footnotes":""},"categories":[201,142],"tags":[296],"class_list":{"0":"post-175490","1":"post","2":"type-post","3":"status-publish","4":"format-standard","5":"has-post-thumbnail","7":"category-kergejoustik","8":"category-uudised","9":"tag-rasmus-magi"},"_links":{"self":[{"href":"https:\/\/www.sekundomer.ee\/et\/wp-json\/wp\/v2\/posts\/175490","targetHints":{"allow":["GET"]}}],"collection":[{"href":"https:\/\/www.sekundomer.ee\/et\/wp-json\/wp\/v2\/posts"}],"about":[{"href":"https:\/\/www.sekundomer.ee\/et\/wp-json\/wp\/v2\/types\/post"}],"author":[{"embeddable":true,"href":"https:\/\/www.sekundomer.ee\/et\/wp-json\/wp\/v2\/users\/80"}],"replies":[{"embeddable":true,"href":"https:\/\/www.sekundomer.ee\/et\/wp-json\/wp\/v2\/comments?post=175490"}],"version-history":[{"count":1,"href":"https:\/\/www.sekundomer.ee\/et\/wp-json\/wp\/v2\/posts\/175490\/revisions"}],"predecessor-version":[{"id":175491,"href":"https:\/\/www.sekundomer.ee\/et\/wp-json\/wp\/v2\/posts\/175490\/revisions\/175491"}],"wp:featuredmedia":[{"embeddable":true,"href":"https:\/\/www.sekundomer.ee\/et\/wp-json\/wp\/v2\/media\/127964"}],"wp:attachment":[{"href":"https:\/\/www.sekundomer.ee\/et\/wp-json\/wp\/v2\/media?parent=175490"}],"wp:term":[{"taxonomy":"category","embeddable":true,"href":"https:\/\/www.sekundomer.ee\/et\/wp-json\/wp\/v2\/categories?post=175490"},{"taxonomy":"post_tag","embeddable":true,"href":"https:\/\/www.sekundomer.ee\/et\/wp-json\/wp\/v2\/tags?post=175490"}],"curies":[{"name":"wp","href":"https:\/\/api.w.org\/{rel}","templated":true}]}}