{"id":175599,"date":"2025-08-26T15:02:55","date_gmt":"2025-08-26T12:02:55","guid":{"rendered":"https:\/\/www.sekundomer.ee\/?p=175599"},"modified":"2025-08-26T15:02:55","modified_gmt":"2025-08-26T12:02:55","slug":"keira-rattur-voitis-virtuse-mm-il-euroopa-rekordiga-teise-medali","status":"publish","type":"post","link":"https:\/\/www.sekundomer.ee\/et\/uudised\/keira-rattur-voitis-virtuse-mm-il-euroopa-rekordiga-teise-medali\/","title":{"rendered":"Keira Rattur v\u00f5itis Virtuse MM-il Euroopa rekordiga teise medali"},"content":{"rendered":"<p>Bangkokis peetava Virtus Sport ujumise MM-i kolmandal v\u00f5istlusp\u00e4eval v\u00f5itis Keira Rattur uue Euroopa rekordiga oma teise medali, sedapuhku h\u00f5bedase.<\/p>\n<p>Keira Rattur sai 100 m rinnuliujumises II2 klassis teise koha. Tema\u00a0eelujumise aeg 1.49,39 ning\u00a0finaali tulemus 1.43,78, esikohast j\u00e4i lahutama vaid 0,09 sekundit. Ratturi poolt finaalis ujutud aeg t\u00e4histab \u00fchtlasi ka Downi s\u00fcndroomiga naiste uut Euroopa rekordit.<\/p>\n<p>P\u00fchap\u00e4eval v\u00f5itis Keira 50 m rinnuliujumises kuldmedali.<\/p>\n<p>&#8220;Pingutasin v\u00e4ga ja olen r\u00f5\u00f5mus medali \u00fcle,&#8221; \u00fctles Rattur finaali j\u00e4rel.\u00a0Treener Eili Paap lisas: &#8220;Keira suutis v\u00f5istluspinges h\u00e4sti keskenduda, oma tugevused v\u00e4lja ujuda ja lausa kolme\u00a0sekundiga isiklikku tippmarki parandada. Olen uhke tema \u00fcle!&#8221;<\/p>\n<p>Kolmap\u00e4eval, 27. augustil h\u00fcppavad taas basseini k\u00f5ik neli Eesti sportlast. Keira Rattur,\u00a0Richard Leib ja Eric T\u00f6tt osalevad 100 m vabaltujumises ning\u00a0Kaspar Paul Loik\u00a0400 m kompleksujumises.<\/p>\n","protected":false},"excerpt":{"rendered":"<p>Bangkokis peetava Virtus Sport ujumise MM-i kolmandal v\u00f5istlusp\u00e4eval v\u00f5itis Keira Rattur uue Euroopa rekordiga oma teise medali, sedapuhku h\u00f5bedase. Keira Rattur sai 100 m rinnuliujumises II2 klassis teise koha. Tema\u00a0eelujumise aeg 1.49,39 ning\u00a0finaali tulemus 1.43,78, esikohast j\u00e4i lahutama vaid 0,09 sekundit. Ratturi poolt finaalis ujutud aeg t\u00e4histab \u00fchtlasi ka Downi s\u00fcndroomiga naiste uut Euroopa rekordit. [&hellip;]<\/p>\n","protected":false},"author":80,"featured_media":175600,"comment_status":"open","ping_status":"open","sticky":false,"template":"","format":"standard","meta":{"_seopress_robots_primary_cat":"none","_seopress_titles_title":"","_seopress_titles_desc":"","_seopress_robots_index":"","footnotes":""},"categories":[172,142],"tags":[1225],"class_list":{"0":"post-175599","1":"post","2":"type-post","3":"status-publish","4":"format-standard","5":"has-post-thumbnail","7":"category-ujumine","8":"category-uudised","9":"tag-keira-rattur"},"_links":{"self":[{"href":"https:\/\/www.sekundomer.ee\/et\/wp-json\/wp\/v2\/posts\/175599","targetHints":{"allow":["GET"]}}],"collection":[{"href":"https:\/\/www.sekundomer.ee\/et\/wp-json\/wp\/v2\/posts"}],"about":[{"href":"https:\/\/www.sekundomer.ee\/et\/wp-json\/wp\/v2\/types\/post"}],"author":[{"embeddable":true,"href":"https:\/\/www.sekundomer.ee\/et\/wp-json\/wp\/v2\/users\/80"}],"replies":[{"embeddable":true,"href":"https:\/\/www.sekundomer.ee\/et\/wp-json\/wp\/v2\/comments?post=175599"}],"version-history":[{"count":1,"href":"https:\/\/www.sekundomer.ee\/et\/wp-json\/wp\/v2\/posts\/175599\/revisions"}],"predecessor-version":[{"id":175602,"href":"https:\/\/www.sekundomer.ee\/et\/wp-json\/wp\/v2\/posts\/175599\/revisions\/175602"}],"wp:featuredmedia":[{"embeddable":true,"href":"https:\/\/www.sekundomer.ee\/et\/wp-json\/wp\/v2\/media\/175600"}],"wp:attachment":[{"href":"https:\/\/www.sekundomer.ee\/et\/wp-json\/wp\/v2\/media?parent=175599"}],"wp:term":[{"taxonomy":"category","embeddable":true,"href":"https:\/\/www.sekundomer.ee\/et\/wp-json\/wp\/v2\/categories?post=175599"},{"taxonomy":"post_tag","embeddable":true,"href":"https:\/\/www.sekundomer.ee\/et\/wp-json\/wp\/v2\/tags?post=175599"}],"curies":[{"name":"wp","href":"https:\/\/api.w.org\/{rel}","templated":true}]}}