{"id":175803,"date":"2025-09-06T15:30:44","date_gmt":"2025-09-06T12:30:44","guid":{"rendered":"https:\/\/www.sekundomer.ee\/?p=175803"},"modified":"2025-09-06T15:50:49","modified_gmt":"2025-09-06T12:50:49","slug":"i-kohtla-jarve-trepijooksul-saavutas-parima-aja-rakvere-mees-karel-maasik","status":"publish","type":"post","link":"https:\/\/www.sekundomer.ee\/et\/uudised\/i-kohtla-jarve-trepijooksul-saavutas-parima-aja-rakvere-mees-karel-maasik\/","title":{"rendered":"I Kohtla-J\u00e4rve trepijooksul saavutas parima aja Rakvere mees Karel Maasik"},"content":{"rendered":"<p>Toimus I Kohtla-J\u00e4rve trepijooks, osalejate hulgas olid Kohtla-J\u00e4rve praegused ja endised linnapead. M\u00f5lemad l\u00f5petasid poodiumil.<\/p>\n<p>V\u00f5istluse parima aja saavutas Karel Maasik Rakverest, kes v\u00f5istles vanuseklassis &#8220;1986. aastal s\u00fcndinud ja nooremad mehed) ja jooksis Kohtla-J\u00e4rve vallavalitsuse hoone seitsme korruse \u00fcles 35,8 sekundiga. Teiseks tuli selles klassis Martin Rooden (Toila vald, 44,8 sekundit).<\/p>\n<p>Parim naisv\u00f5istleja selles klassis oli Tiina R\u00e4is (Toila vald) ajaga 42,6 sekundit, teise koha sai Katariina Linde (Viru-Jaagupi, 43,4).<\/p>\n<p>T\u00fcdrukute noorteklassis olid esikolmik: 1. Dinara \u0160evela (Kohtla-J\u00e4rve, 47,7 sekundit), 2. Gretlin R\u00e4is (Toila vald, 48,8 sekundit), 3. Lia Meribel Pelenen (Toila vald, 51,2 sekundit).<\/p>\n<p>Klassis &#8220;1985. aastal ja vanemad mehed&#8221; oli kiireim kohalik jooksja Aleksei Suslov (40,2 sekundit), talle kaotas veidi Andrei Shevela (Kohtla-J\u00e4rve, 40,8 sekundit) ja kolmanda koha sai Kohtla-J\u00e4rve linnapea Henri Kaselo (42,1 sekundit).<\/p>\n<p>Naiste klassis oli parim aeg 48,9 sekundit Marilijs Kurs Kohtla-N\u00f5mmelt, teine oli Virve Linder (57,7 sekundit).<\/p>\n<p>V\u00f5istluse korraldas spordiportaal Sekundomer. Portaal t\u00e4nab jooksjaid osalemise eest ning partnereid ja sponsoreid toetuse eest.<\/p>\n<div id='gallery-1' class='gallery galleryid-175803 gallery-columns-2 gallery-size-thumbnail'><figure class='gallery-item'>\n\t\t\t<div class='gallery-icon landscape'>\n\t\t\t\t<a href='https:\/\/www.sekundomer.ee\/et\/uudised\/i-kohtla-jarve-trepijooksul-saavutas-parima-aja-rakvere-mees-karel-maasik\/attachment\/20250906_112216-2\/'><img loading=\"lazy\" decoding=\"async\" width=\"150\" height=\"150\" src=\"https:\/\/www.sekundomer.ee\/wp-content\/uploads\/2025\/09\/20250906_112216-150x150.jpg\" class=\"attachment-thumbnail size-thumbnail\" alt=\"\" \/><\/a>\n\t\t\t<\/div><\/figure><figure class='gallery-item'>\n\t\t\t<div class='gallery-icon landscape'>\n\t\t\t\t<a href='https:\/\/www.sekundomer.ee\/et\/uudised\/i-kohtla-jarve-trepijooksul-saavutas-parima-aja-rakvere-mees-karel-maasik\/attachment\/20250906_112333-2\/'><img loading=\"lazy\" decoding=\"async\" width=\"150\" height=\"150\" src=\"https:\/\/www.sekundomer.ee\/wp-content\/uploads\/2025\/09\/20250906_112333-150x150.jpg\" class=\"attachment-thumbnail size-thumbnail\" alt=\"\" \/><\/a>\n\t\t\t<\/div><\/figure><figure class='gallery-item'>\n\t\t\t<div class='gallery-icon portrait'>\n\t\t\t\t<a href='https:\/\/www.sekundomer.ee\/et\/uudised\/i-kohtla-jarve-trepijooksul-saavutas-parima-aja-rakvere-mees-karel-maasik\/attachment\/20250906_114059-2\/'><img loading=\"lazy\" decoding=\"async\" width=\"150\" height=\"150\" src=\"https:\/\/www.sekundomer.ee\/wp-content\/uploads\/2025\/09\/20250906_114059-150x150.jpg\" class=\"attachment-thumbnail size-thumbnail\" alt=\"\" srcset=\"https:\/\/www.sekundomer.ee\/wp-content\/uploads\/2025\/09\/20250906_114059-150x150.jpg 150w, https:\/\/www.sekundomer.ee\/wp-content\/uploads\/2025\/09\/20250906_114059-483x486.jpg 483w\" sizes=\"auto, (max-width: 150px) 100vw, 150px\" \/><\/a>\n\t\t\t<\/div><\/figure><figure class='gallery-item'>\n\t\t\t<div class='gallery-icon portrait'>\n\t\t\t\t<a href='https:\/\/www.sekundomer.ee\/et\/uudised\/i-kohtla-jarve-trepijooksul-saavutas-parima-aja-rakvere-mees-karel-maasik\/attachment\/20250906_114319-2\/'><img loading=\"lazy\" decoding=\"async\" width=\"150\" height=\"150\" src=\"https:\/\/www.sekundomer.ee\/wp-content\/uploads\/2025\/09\/20250906_114319-150x150.jpg\" class=\"attachment-thumbnail size-thumbnail\" alt=\"\" \/><\/a>\n\t\t\t<\/div><\/figure><figure class='gallery-item'>\n\t\t\t<div class='gallery-icon landscape'>\n\t\t\t\t<a href='https:\/\/www.sekundomer.ee\/et\/uudised\/i-kohtla-jarve-trepijooksul-saavutas-parima-aja-rakvere-mees-karel-maasik\/attachment\/20250906_115552-2\/'><img loading=\"lazy\" decoding=\"async\" width=\"150\" height=\"150\" src=\"https:\/\/www.sekundomer.ee\/wp-content\/uploads\/2025\/09\/20250906_115552-150x150.jpg\" class=\"attachment-thumbnail size-thumbnail\" alt=\"\" \/><\/a>\n\t\t\t<\/div><\/figure><figure class='gallery-item'>\n\t\t\t<div class='gallery-icon portrait'>\n\t\t\t\t<a href='https:\/\/www.sekundomer.ee\/et\/uudised\/i-kohtla-jarve-trepijooksul-saavutas-parima-aja-rakvere-mees-karel-maasik\/attachment\/20250906_120535-2\/'><img loading=\"lazy\" decoding=\"async\" width=\"150\" height=\"150\" src=\"https:\/\/www.sekundomer.ee\/wp-content\/uploads\/2025\/09\/20250906_120535-150x150.jpg\" class=\"attachment-thumbnail size-thumbnail\" alt=\"\" \/><\/a>\n\t\t\t<\/div><\/figure><figure class='gallery-item'>\n\t\t\t<div class='gallery-icon landscape'>\n\t\t\t\t<a href='https:\/\/www.sekundomer.ee\/et\/uudised\/i-kohtla-jarve-trepijooksul-saavutas-parima-aja-rakvere-mees-karel-maasik\/attachment\/20250906_123230-2\/'><img loading=\"lazy\" decoding=\"async\" width=\"150\" height=\"150\" src=\"https:\/\/www.sekundomer.ee\/wp-content\/uploads\/2025\/09\/20250906_123230-150x150.jpg\" class=\"attachment-thumbnail size-thumbnail\" alt=\"\" \/><\/a>\n\t\t\t<\/div><\/figure><figure class='gallery-item'>\n\t\t\t<div class='gallery-icon portrait'>\n\t\t\t\t<a href='https:\/\/www.sekundomer.ee\/et\/uudised\/i-kohtla-jarve-trepijooksul-saavutas-parima-aja-rakvere-mees-karel-maasik\/attachment\/20250906_123446-2\/'><img loading=\"lazy\" decoding=\"async\" width=\"150\" height=\"150\" src=\"https:\/\/www.sekundomer.ee\/wp-content\/uploads\/2025\/09\/20250906_123446-150x150.jpg\" class=\"attachment-thumbnail size-thumbnail\" alt=\"\" srcset=\"https:\/\/www.sekundomer.ee\/wp-content\/uploads\/2025\/09\/20250906_123446-150x150.jpg 150w, https:\/\/www.sekundomer.ee\/wp-content\/uploads\/2025\/09\/20250906_123446-310x310.jpg 310w, https:\/\/www.sekundomer.ee\/wp-content\/uploads\/2025\/09\/20250906_123446-479x480.jpg 479w, https:\/\/www.sekundomer.ee\/wp-content\/uploads\/2025\/09\/20250906_123446-419x420.jpg 419w, https:\/\/www.sekundomer.ee\/wp-content\/uploads\/2025\/09\/20250906_123446.jpg 599w\" sizes=\"auto, (max-width: 150px) 100vw, 150px\" \/><\/a>\n\t\t\t<\/div><\/figure><figure class='gallery-item'>\n\t\t\t<div class='gallery-icon portrait'>\n\t\t\t\t<a href='https:\/\/www.sekundomer.ee\/et\/uudised\/i-kohtla-jarve-trepijooksul-saavutas-parima-aja-rakvere-mees-karel-maasik\/attachment\/20250906_123452-2\/'><img loading=\"lazy\" decoding=\"async\" width=\"150\" height=\"150\" src=\"https:\/\/www.sekundomer.ee\/wp-content\/uploads\/2025\/09\/20250906_123452-150x150.jpg\" class=\"attachment-thumbnail size-thumbnail\" alt=\"\" \/><\/a>\n\t\t\t<\/div><\/figure><figure class='gallery-item'>\n\t\t\t<div class='gallery-icon portrait'>\n\t\t\t\t<a href='https:\/\/www.sekundomer.ee\/et\/uudised\/i-kohtla-jarve-trepijooksul-saavutas-parima-aja-rakvere-mees-karel-maasik\/attachment\/20250906_123619-2\/'><img loading=\"lazy\" decoding=\"async\" width=\"150\" height=\"150\" src=\"https:\/\/www.sekundomer.ee\/wp-content\/uploads\/2025\/09\/20250906_123619-150x150.jpg\" class=\"attachment-thumbnail size-thumbnail\" alt=\"\" \/><\/a>\n\t\t\t<\/div><\/figure><figure class='gallery-item'>\n\t\t\t<div class='gallery-icon portrait'>\n\t\t\t\t<a href='https:\/\/www.sekundomer.ee\/et\/uudised\/i-kohtla-jarve-trepijooksul-saavutas-parima-aja-rakvere-mees-karel-maasik\/attachment\/20250906_123623-2\/'><img loading=\"lazy\" decoding=\"async\" width=\"150\" height=\"150\" src=\"https:\/\/www.sekundomer.ee\/wp-content\/uploads\/2025\/09\/20250906_123623-150x150.jpg\" class=\"attachment-thumbnail size-thumbnail\" alt=\"\" \/><\/a>\n\t\t\t<\/div><\/figure><figure class='gallery-item'>\n\t\t\t<div class='gallery-icon portrait'>\n\t\t\t\t<a href='https:\/\/www.sekundomer.ee\/et\/uudised\/i-kohtla-jarve-trepijooksul-saavutas-parima-aja-rakvere-mees-karel-maasik\/attachment\/20250906_123814-2\/'><img loading=\"lazy\" decoding=\"async\" width=\"150\" height=\"150\" src=\"https:\/\/www.sekundomer.ee\/wp-content\/uploads\/2025\/09\/20250906_123814-150x150.jpg\" class=\"attachment-thumbnail size-thumbnail\" alt=\"\" \/><\/a>\n\t\t\t<\/div><\/figure><figure class='gallery-item'>\n\t\t\t<div class='gallery-icon landscape'>\n\t\t\t\t<a href='https:\/\/www.sekundomer.ee\/et\/uudised\/i-kohtla-jarve-trepijooksul-saavutas-parima-aja-rakvere-mees-karel-maasik\/attachment\/20250906_124046-2\/'><img loading=\"lazy\" decoding=\"async\" width=\"150\" height=\"150\" src=\"https:\/\/www.sekundomer.ee\/wp-content\/uploads\/2025\/09\/20250906_124046-150x150.jpg\" class=\"attachment-thumbnail size-thumbnail\" alt=\"\" \/><\/a>\n\t\t\t<\/div><\/figure><figure class='gallery-item'>\n\t\t\t<div class='gallery-icon landscape'>\n\t\t\t\t<a href='https:\/\/www.sekundomer.ee\/et\/uudised\/i-kohtla-jarve-trepijooksul-saavutas-parima-aja-rakvere-mees-karel-maasik\/attachment\/20250906_124314-2\/'><img loading=\"lazy\" decoding=\"async\" width=\"150\" height=\"150\" src=\"https:\/\/www.sekundomer.ee\/wp-content\/uploads\/2025\/09\/20250906_124314-150x150.jpg\" class=\"attachment-thumbnail size-thumbnail\" alt=\"\" \/><\/a>\n\t\t\t<\/div><\/figure>\n\t\t<\/div>\n\n","protected":false},"excerpt":{"rendered":"<p>Toimus I Kohtla-J\u00e4rve trepijooks, osalejate hulgas olid Kohtla-J\u00e4rve praegused ja endised linnapead. M\u00f5lemad l\u00f5petasid poodiumil. V\u00f5istluse parima aja saavutas Karel Maasik Rakverest, kes v\u00f5istles vanuseklassis &#8220;1986. aastal s\u00fcndinud ja nooremad mehed) ja jooksis Kohtla-J\u00e4rve vallavalitsuse hoone seitsme korruse \u00fcles 35,8 sekundiga. Teiseks tuli selles klassis Martin Rooden (Toila vald, 44,8 sekundit). Parim naisv\u00f5istleja selles klassis [&hellip;]<\/p>\n","protected":false},"author":80,"featured_media":175790,"comment_status":"open","ping_status":"open","sticky":false,"template":"","format":"standard","meta":{"_seopress_robots_primary_cat":"none","_seopress_titles_title":"","_seopress_titles_desc":"","_seopress_robots_index":"","footnotes":""},"categories":[201,142],"tags":[],"class_list":{"0":"post-175803","1":"post","2":"type-post","3":"status-publish","4":"format-standard","5":"has-post-thumbnail","7":"category-kergejoustik","8":"category-uudised"},"_links":{"self":[{"href":"https:\/\/www.sekundomer.ee\/et\/wp-json\/wp\/v2\/posts\/175803","targetHints":{"allow":["GET"]}}],"collection":[{"href":"https:\/\/www.sekundomer.ee\/et\/wp-json\/wp\/v2\/posts"}],"about":[{"href":"https:\/\/www.sekundomer.ee\/et\/wp-json\/wp\/v2\/types\/post"}],"author":[{"embeddable":true,"href":"https:\/\/www.sekundomer.ee\/et\/wp-json\/wp\/v2\/users\/80"}],"replies":[{"embeddable":true,"href":"https:\/\/www.sekundomer.ee\/et\/wp-json\/wp\/v2\/comments?post=175803"}],"version-history":[{"count":3,"href":"https:\/\/www.sekundomer.ee\/et\/wp-json\/wp\/v2\/posts\/175803\/revisions"}],"predecessor-version":[{"id":175806,"href":"https:\/\/www.sekundomer.ee\/et\/wp-json\/wp\/v2\/posts\/175803\/revisions\/175806"}],"wp:featuredmedia":[{"embeddable":true,"href":"https:\/\/www.sekundomer.ee\/et\/wp-json\/wp\/v2\/media\/175790"}],"wp:attachment":[{"href":"https:\/\/www.sekundomer.ee\/et\/wp-json\/wp\/v2\/media?parent=175803"}],"wp:term":[{"taxonomy":"category","embeddable":true,"href":"https:\/\/www.sekundomer.ee\/et\/wp-json\/wp\/v2\/categories?post=175803"},{"taxonomy":"post_tag","embeddable":true,"href":"https:\/\/www.sekundomer.ee\/et\/wp-json\/wp\/v2\/tags?post=175803"}],"curies":[{"name":"wp","href":"https:\/\/api.w.org\/{rel}","templated":true}]}}