{"id":177273,"date":"2025-11-08T16:16:17","date_gmt":"2025-11-08T14:16:17","guid":{"rendered":"https:\/\/www.sekundomer.ee\/?p=177273"},"modified":"2025-11-08T16:16:17","modified_gmt":"2025-11-08T14:16:17","slug":"kinnitati-eesti-kergejoustikuliidu-uus-juhatuse-koosseis","status":"publish","type":"post","link":"https:\/\/www.sekundomer.ee\/et\/uudised\/kinnitati-eesti-kergejoustikuliidu-uus-juhatuse-koosseis\/","title":{"rendered":"Kinnitati Eesti Kergej\u00f5ustikuliidu uus juhatuse koosseis"},"content":{"rendered":"<p style=\"font-weight: 400;\">Eile, 7. novembril toimunud Eesti Kergej\u00f5ustikuliidu volikogu koosolekul kinnitati uus juhatuse koosseis ning revisjonikomisjoni koosseis.<\/p>\n<p style=\"font-weight: 400;\">Volikogu koosolekul osalesid 29 liikmesklubi esindajad. Koosoleku avas Eesti Kergej\u00f5ustikuliidu president Madis Kallas, kes andis \u00fclevaate oma senisest, kuus kuud kestnud ametiajast. Kevadel presidendiks valituna lubas ta, et esitab s\u00fcgisel volikogule kinnitamiseks uue juhatuse koosseisu.<\/p>\n<p style=\"font-weight: 400;\">Kallas selgitas, et uue juhatuse komplekteerimisel oli eesm\u00e4rk kaasata erineva tausta ja kogemusega inimesi \u2013 nii erasektori spetsialiste, tippspordi taustaga tegijaid kui ka inimesi, kes panustaksid regionaalse arengu ja koost\u00f6\u00f6 tugevdamisse. Ta r\u00f5hutas, et uue juhatuse \u00fcheks olulisemaks \u00fclesandeks saab olema t\u00e4iendavate toetajate ja koost\u00f6\u00f6partnerite leidmine, et tagada alaliidu tegevuse j\u00e4tkusuutlikkus ja areng.<\/p>\n<p style=\"font-weight: 400;\">Kallas t\u00e4nas k\u00f5iki seniseid juhatuse liikmeid tehtud t\u00f6\u00f6 eest ning esitas volikogule kinnitamiseks uue juhatuse koosseisu.<\/p>\n<p style=\"font-weight: 400;\">Salajasel h\u00e4\u00e4letusel kinnitati Eesti Kergej\u00f5ustikuliidu uus juhatus j\u00e4rgmises koosseisus: Madis Kallas (president), Erich Teigam\u00e4gi, Jaak Vettik, Toomas M\u00e4lberg, Maris Heinaru, Magnus Kirt, Nelli Pormeister, Laura Kuldkepp, Margus Rink, Rasmus M\u00e4gi, Liina T\u0161ernov.<\/p>\n<p style=\"font-weight: 400;\">Samuti kinnitati uus revisjonikomisjon, kuhu kuuluvad Liis Laanesaar, Roman Fosti ja Tarmo Rahkama.<\/p>\n","protected":false},"excerpt":{"rendered":"<p>Eile, 7. novembril toimunud Eesti Kergej\u00f5ustikuliidu volikogu koosolekul kinnitati uus juhatuse koosseis ning revisjonikomisjoni koosseis. Volikogu koosolekul osalesid 29 liikmesklubi esindajad. Koosoleku avas Eesti Kergej\u00f5ustikuliidu president Madis Kallas, kes andis \u00fclevaate oma senisest, kuus kuud kestnud ametiajast. Kevadel presidendiks valituna lubas ta, et esitab s\u00fcgisel volikogule kinnitamiseks uue juhatuse koosseisu. Kallas selgitas, et uue juhatuse [&hellip;]<\/p>\n","protected":false},"author":80,"featured_media":177274,"comment_status":"open","ping_status":"open","sticky":false,"template":"","format":"standard","meta":{"_seopress_robots_primary_cat":"none","_seopress_titles_title":"","_seopress_titles_desc":"","_seopress_robots_index":"","footnotes":""},"categories":[201,142],"tags":[],"class_list":{"0":"post-177273","1":"post","2":"type-post","3":"status-publish","4":"format-standard","5":"has-post-thumbnail","7":"category-kergejoustik","8":"category-uudised"},"_links":{"self":[{"href":"https:\/\/www.sekundomer.ee\/et\/wp-json\/wp\/v2\/posts\/177273","targetHints":{"allow":["GET"]}}],"collection":[{"href":"https:\/\/www.sekundomer.ee\/et\/wp-json\/wp\/v2\/posts"}],"about":[{"href":"https:\/\/www.sekundomer.ee\/et\/wp-json\/wp\/v2\/types\/post"}],"author":[{"embeddable":true,"href":"https:\/\/www.sekundomer.ee\/et\/wp-json\/wp\/v2\/users\/80"}],"replies":[{"embeddable":true,"href":"https:\/\/www.sekundomer.ee\/et\/wp-json\/wp\/v2\/comments?post=177273"}],"version-history":[{"count":1,"href":"https:\/\/www.sekundomer.ee\/et\/wp-json\/wp\/v2\/posts\/177273\/revisions"}],"predecessor-version":[{"id":177276,"href":"https:\/\/www.sekundomer.ee\/et\/wp-json\/wp\/v2\/posts\/177273\/revisions\/177276"}],"wp:featuredmedia":[{"embeddable":true,"href":"https:\/\/www.sekundomer.ee\/et\/wp-json\/wp\/v2\/media\/177274"}],"wp:attachment":[{"href":"https:\/\/www.sekundomer.ee\/et\/wp-json\/wp\/v2\/media?parent=177273"}],"wp:term":[{"taxonomy":"category","embeddable":true,"href":"https:\/\/www.sekundomer.ee\/et\/wp-json\/wp\/v2\/categories?post=177273"},{"taxonomy":"post_tag","embeddable":true,"href":"https:\/\/www.sekundomer.ee\/et\/wp-json\/wp\/v2\/tags?post=177273"}],"curies":[{"name":"wp","href":"https:\/\/api.w.org\/{rel}","templated":true}]}}