{"id":178011,"date":"2025-11-29T16:20:33","date_gmt":"2025-11-29T14:20:33","guid":{"rendered":"https:\/\/www.sekundomer.ee\/?p=178011"},"modified":"2025-11-29T16:20:33","modified_gmt":"2025-11-29T14:20:33","slug":"ruka-kristjan-ilves-saavutas-35-koha","status":"publish","type":"post","link":"https:\/\/www.sekundomer.ee\/et\/uudised\/ruka-kristjan-ilves-saavutas-35-koha\/","title":{"rendered":"Ruka: Kristjan Ilves saavutas 35. koha"},"content":{"rendered":"<div class=\"text lead2\">\n<p>Soomes Rukal toimuval kahev\u00f5istluse MK-etapil j\u00e4eti h\u00fcppev\u00f5istlus tugeva tuule t\u00f5ttu pooleli, mist\u00f5ttu pidi Kristjan Ilves suusas\u00f5itu startima 44. kohalt. Eestlane tegi sellegipoolest soliidse s\u00f5idu ja p\u00e4lvis l\u00f5puks 35. koha ((+4.18,7). Kokkuv\u00f5ttes teenis eestlane vaid kuus punkti, kui eile neljanda koha eest anti 70 punkti.<\/p>\n<p>Konkurentidest 14 sekundit varem teele asunud Johannes Lamparter teenis oma teise j\u00e4rjestikuse v\u00f5idu, kui austerlane \u00fcletas fini\u0161ijoone ajaga 24.04,7. Teise koha p\u00e4lvis sakslane Julian Schmid (+32,7) ning esikolmikusse mahtus veel austerlane Thomas Rettenegger (+43,9).<\/p>\n<\/div>\n<div class=\"text flex-row\">\n<p>Kahev\u00f5istluse MK-hooaeg j\u00e4tkub p\u00fchap\u00e4eval.<\/p>\n<\/div>\n","protected":false},"excerpt":{"rendered":"<p>Soomes Rukal toimuval kahev\u00f5istluse MK-etapil j\u00e4eti h\u00fcppev\u00f5istlus tugeva tuule t\u00f5ttu pooleli, mist\u00f5ttu pidi Kristjan Ilves suusas\u00f5itu startima 44. kohalt. Eestlane tegi sellegipoolest soliidse s\u00f5idu ja p\u00e4lvis l\u00f5puks 35. koha ((+4.18,7). Kokkuv\u00f5ttes teenis eestlane vaid kuus punkti, kui eile neljanda koha eest anti 70 punkti. Konkurentidest 14 sekundit varem teele asunud Johannes Lamparter teenis oma teise [&hellip;]<\/p>\n","protected":false},"author":80,"featured_media":168490,"comment_status":"open","ping_status":"open","sticky":false,"template":"","format":"standard","meta":{"_seopress_robots_primary_cat":"none","_seopress_titles_title":"","_seopress_titles_desc":"","_seopress_robots_index":"","footnotes":""},"categories":[195,142],"tags":[430,1430],"class_list":{"0":"post-178011","1":"post","2":"type-post","3":"status-publish","4":"format-standard","5":"has-post-thumbnail","7":"category-kahevoistlus","8":"category-uudised","9":"tag-kristjan-ilves","10":"tag-yustina-kovalchik-2"},"_links":{"self":[{"href":"https:\/\/www.sekundomer.ee\/et\/wp-json\/wp\/v2\/posts\/178011","targetHints":{"allow":["GET"]}}],"collection":[{"href":"https:\/\/www.sekundomer.ee\/et\/wp-json\/wp\/v2\/posts"}],"about":[{"href":"https:\/\/www.sekundomer.ee\/et\/wp-json\/wp\/v2\/types\/post"}],"author":[{"embeddable":true,"href":"https:\/\/www.sekundomer.ee\/et\/wp-json\/wp\/v2\/users\/80"}],"replies":[{"embeddable":true,"href":"https:\/\/www.sekundomer.ee\/et\/wp-json\/wp\/v2\/comments?post=178011"}],"version-history":[{"count":1,"href":"https:\/\/www.sekundomer.ee\/et\/wp-json\/wp\/v2\/posts\/178011\/revisions"}],"predecessor-version":[{"id":178012,"href":"https:\/\/www.sekundomer.ee\/et\/wp-json\/wp\/v2\/posts\/178011\/revisions\/178012"}],"wp:featuredmedia":[{"embeddable":true,"href":"https:\/\/www.sekundomer.ee\/et\/wp-json\/wp\/v2\/media\/168490"}],"wp:attachment":[{"href":"https:\/\/www.sekundomer.ee\/et\/wp-json\/wp\/v2\/media?parent=178011"}],"wp:term":[{"taxonomy":"category","embeddable":true,"href":"https:\/\/www.sekundomer.ee\/et\/wp-json\/wp\/v2\/categories?post=178011"},{"taxonomy":"post_tag","embeddable":true,"href":"https:\/\/www.sekundomer.ee\/et\/wp-json\/wp\/v2\/tags?post=178011"}],"curies":[{"name":"wp","href":"https:\/\/api.w.org\/{rel}","templated":true}]}}