{"id":178021,"date":"2025-11-29T19:26:02","date_gmt":"2025-11-29T17:26:02","guid":{"rendered":"https:\/\/www.sekundomer.ee\/?p=178021"},"modified":"2025-11-29T19:32:42","modified_gmt":"2025-11-29T17:32:42","slug":"ostersund-eesti-laskesuusatajad-saavutasid-teatevoistluses-11-koha","status":"publish","type":"post","link":"https:\/\/www.sekundomer.ee\/et\/uudised\/ostersund-eesti-laskesuusatajad-saavutasid-teatevoistluses-11-koha\/","title":{"rendered":"\u00d6stersund: Eesti laskesuusatajad saavutasid teatev\u00f5istluses 11. koha"},"content":{"rendered":"<p>\u00d6stersundis (Rootsi) toimub biatloni maailmakarika esimene etapp. L\u00f5ppes meeste 4 x 7,5 km teatev\u00f5istlus. \u00dche karistusringi ja 10 lisapatroniga v\u00f5itis Norra (Martin Uldal, Isak Leknes Frey, Sturla Holm L\u00e4greid ja Vetle Sjaastad Christiansen), teisel kohal oli Prantsusmaa (3+11; + 15,3) ja kolmandal Rootsi (3+14; + 24,7).<\/p>\n<p>Eesti koondis koosseisus Rene Zakhna, Jakob Kulbin, Mark-Markos Kehva ja Kristo Siimer saavutas 11. koha, l\u00e4bides kaks karistusringi ja kasutades 13 lisapatroni. Meie koondise j\u00e4rel j\u00e4id 10 koondist, sealhulgas Poola, Soome, Austria ja Belgia.<\/p>\n<p>P\u00e4eval toimus naiste 4 x 6 km teatev\u00f5istlus, mille v\u00f5itis Prantsusmaa (0+8), teisele kohale tuli Itaalia (1+9; + 13,8) ja kolmandale T\u0161ehhi (0+8; + 39,8). Eesti saavutas 17. koha (1+14; + 5:36). Meie naiskonda esindasid Suzan K\u00fclm, Regina Ermits, Tuuli Tomingas ja Grete Gaim.<\/p>\n<p>&nbsp;<\/p>\n<p>Homme toimuvad \u00d6stersundis veel kaks teatev\u00f5istlust \u2013 \u00fcksik segateatev\u00f5istlus ja segateatev\u00f5istlus.<\/p>\n","protected":false},"excerpt":{"rendered":"<p>\u00d6stersundis (Rootsi) toimub biatloni maailmakarika esimene etapp. L\u00f5ppes meeste 4 x 7,5 km teatev\u00f5istlus. \u00dche karistusringi ja 10 lisapatroniga v\u00f5itis Norra (Martin Uldal, Isak Leknes Frey, Sturla Holm L\u00e4greid ja Vetle Sjaastad Christiansen), teisel kohal oli Prantsusmaa (3+11; + 15,3) ja kolmandal Rootsi (3+14; + 24,7). Eesti koondis koosseisus Rene Zakhna, Jakob Kulbin, Mark-Markos Kehva [&hellip;]<\/p>\n","protected":false},"author":80,"featured_media":178018,"comment_status":"open","ping_status":"open","sticky":false,"template":"","format":"standard","meta":{"_seopress_robots_primary_cat":"none","_seopress_titles_title":"","_seopress_titles_desc":"","_seopress_robots_index":"","footnotes":""},"categories":[194,142],"tags":[],"class_list":{"0":"post-178021","1":"post","2":"type-post","3":"status-publish","4":"format-standard","5":"has-post-thumbnail","7":"category-laskesuusatamine","8":"category-uudised"},"_links":{"self":[{"href":"https:\/\/www.sekundomer.ee\/et\/wp-json\/wp\/v2\/posts\/178021","targetHints":{"allow":["GET"]}}],"collection":[{"href":"https:\/\/www.sekundomer.ee\/et\/wp-json\/wp\/v2\/posts"}],"about":[{"href":"https:\/\/www.sekundomer.ee\/et\/wp-json\/wp\/v2\/types\/post"}],"author":[{"embeddable":true,"href":"https:\/\/www.sekundomer.ee\/et\/wp-json\/wp\/v2\/users\/80"}],"replies":[{"embeddable":true,"href":"https:\/\/www.sekundomer.ee\/et\/wp-json\/wp\/v2\/comments?post=178021"}],"version-history":[{"count":1,"href":"https:\/\/www.sekundomer.ee\/et\/wp-json\/wp\/v2\/posts\/178021\/revisions"}],"predecessor-version":[{"id":178022,"href":"https:\/\/www.sekundomer.ee\/et\/wp-json\/wp\/v2\/posts\/178021\/revisions\/178022"}],"wp:featuredmedia":[{"embeddable":true,"href":"https:\/\/www.sekundomer.ee\/et\/wp-json\/wp\/v2\/media\/178018"}],"wp:attachment":[{"href":"https:\/\/www.sekundomer.ee\/et\/wp-json\/wp\/v2\/media?parent=178021"}],"wp:term":[{"taxonomy":"category","embeddable":true,"href":"https:\/\/www.sekundomer.ee\/et\/wp-json\/wp\/v2\/categories?post=178021"},{"taxonomy":"post_tag","embeddable":true,"href":"https:\/\/www.sekundomer.ee\/et\/wp-json\/wp\/v2\/tags?post=178021"}],"curies":[{"name":"wp","href":"https:\/\/api.w.org\/{rel}","templated":true}]}}