{"id":179174,"date":"2026-01-21T11:48:48","date_gmt":"2026-01-21T09:48:48","guid":{"rendered":"https:\/\/www.sekundomer.ee\/?p=179174"},"modified":"2026-01-21T11:48:48","modified_gmt":"2026-01-21T09:48:48","slug":"jalgpall-erakorralist-uldkogu-ei-toimunud","status":"publish","type":"post","link":"https:\/\/www.sekundomer.ee\/et\/uudised\/jalgpall-erakorralist-uldkogu-ei-toimunud\/","title":{"rendered":"Jalgpall: erakorralist \u00fcldkogu ei toimunud"},"content":{"rendered":"<p>21. jaanuariks kokku kutsutud Eesti Jalgpalli Liidu (EJL) erakorraline \u00fcldkogu ei toimunud, sest \u00fcldkogule saabus v\u00e4hem kui 2\/3 EJL-i liikmetest. Kohale saabus 29 liiget, toimumiseks olnuks tarvis v\u00e4hemalt 73 liikme osalemine.<\/p>\n<p>EJL-i p\u00f5hikirja j\u00e4rgi on erakorraline \u00fcldkogu otsustusv\u00f5imeline, kui sellest v\u00f5tab osa v\u00f5i on esindatud rohkem kui 2\/3 EJL-i liikmetest.<\/p>\n<p><b>Taust:<\/b><\/p>\n<p>M\u00f6\u00f6dunud aasta 29. septembril sai EJL 13 liikmesklubilt kirja n\u00f5udega kutsuda kokku erakorraline \u00fcldkogu \u00fche p\u00e4evakorrapunktiga, milleks oli avalduse esitamine UEFA-le seoses Venemaa klubide rahastamisega ning Venemaa liikmelisusega UEFA-s. 17. oktoobril edastas EJL UEFA-le \u00fclalmainitud klubide kirja ja erakorraliseks \u00fcldkoguks m\u00f5eldud avalduse muutmata kujul. UEFA vastas EJL-i kirjale 29. oktoobril ning 23. detsembril kutsus EJL 21. jaanuariks kokku erakorralise \u00fcldkogu.<\/p>\n<p>Teemaga seoses r\u00f5hutab EJL, et on s\u00f5ja algusest nii s\u00f5nades kui tegudes Ukrainat toetanud ja olnud vastu Venemaa agressioonile. EJL-i s\u00f5num on selge: Eesti eest, Ukraina poolt ja Venemaa agressiooni vastu. EJL on viimastel aastatel muu hulgas korraldanud Ukraina toetamiseks rahakogumise aktsioone, vabastanud Ukraina noored Eesti meistriv\u00f5istlustel osalemisel litsentsitasust, kohtunud Ukraina parlamendi delegatsiooniga ja aidanud Ukraina v\u00f5istkondadel Eestit k\u00fclastada. FIFA kongressil oli EJL \u00fcks neljast alaliidust, kes h\u00e4\u00e4letas vene keele FIFA ametlike keelte hulka lisamise vastu. 2022. aastal lisas Eesti kaitsev\u00e4gi EJL-i riigikaitsjaid toetavate t\u00f6\u00f6andjate nimekirja, tunnustades sellega EJL-i tegevust kaitsev\u00e4e \u00f5ppustel osalevate t\u00f6\u00f6tajate toetamisel, mis on j\u00e4tkunud ka j\u00e4rgnevatel aastatel. Kui loos on Eesti koondised kokku viinud Valgevenega, on Eesti m\u00e4ngimisest keeldunud, seejuures on Balti riigid olnud UEFA liikmete seas ainsad, kelle klubid ja koondised pole alates s\u00f5ja algusest Valgevenega kohtunud.<\/p>\n<p><em>Pildil EJL-i 2025. aasta korraline \u00fcldkogu. Foto: Liisi Troska\u00a0<\/em><\/p>\n","protected":false},"excerpt":{"rendered":"<p>21. jaanuariks kokku kutsutud Eesti Jalgpalli Liidu (EJL) erakorraline \u00fcldkogu ei toimunud, sest \u00fcldkogule saabus v\u00e4hem kui 2\/3 EJL-i liikmetest. Kohale saabus 29 liiget, toimumiseks olnuks tarvis v\u00e4hemalt 73 liikme osalemine. EJL-i p\u00f5hikirja j\u00e4rgi on erakorraline \u00fcldkogu otsustusv\u00f5imeline, kui sellest v\u00f5tab osa v\u00f5i on esindatud rohkem kui 2\/3 EJL-i liikmetest. Taust: M\u00f6\u00f6dunud aasta 29. septembril [&hellip;]<\/p>\n","protected":false},"author":80,"featured_media":179175,"comment_status":"open","ping_status":"open","sticky":false,"template":"","format":"standard","meta":{"_seopress_robots_primary_cat":"none","_seopress_titles_title":"","_seopress_titles_desc":"","_seopress_robots_index":"","footnotes":""},"categories":[203,142],"tags":[],"class_list":{"0":"post-179174","1":"post","2":"type-post","3":"status-publish","4":"format-standard","5":"has-post-thumbnail","7":"category-jalgpall","8":"category-uudised"},"_links":{"self":[{"href":"https:\/\/www.sekundomer.ee\/et\/wp-json\/wp\/v2\/posts\/179174","targetHints":{"allow":["GET"]}}],"collection":[{"href":"https:\/\/www.sekundomer.ee\/et\/wp-json\/wp\/v2\/posts"}],"about":[{"href":"https:\/\/www.sekundomer.ee\/et\/wp-json\/wp\/v2\/types\/post"}],"author":[{"embeddable":true,"href":"https:\/\/www.sekundomer.ee\/et\/wp-json\/wp\/v2\/users\/80"}],"replies":[{"embeddable":true,"href":"https:\/\/www.sekundomer.ee\/et\/wp-json\/wp\/v2\/comments?post=179174"}],"version-history":[{"count":1,"href":"https:\/\/www.sekundomer.ee\/et\/wp-json\/wp\/v2\/posts\/179174\/revisions"}],"predecessor-version":[{"id":179176,"href":"https:\/\/www.sekundomer.ee\/et\/wp-json\/wp\/v2\/posts\/179174\/revisions\/179176"}],"wp:featuredmedia":[{"embeddable":true,"href":"https:\/\/www.sekundomer.ee\/et\/wp-json\/wp\/v2\/media\/179175"}],"wp:attachment":[{"href":"https:\/\/www.sekundomer.ee\/et\/wp-json\/wp\/v2\/media?parent=179174"}],"wp:term":[{"taxonomy":"category","embeddable":true,"href":"https:\/\/www.sekundomer.ee\/et\/wp-json\/wp\/v2\/categories?post=179174"},{"taxonomy":"post_tag","embeddable":true,"href":"https:\/\/www.sekundomer.ee\/et\/wp-json\/wp\/v2\/tags?post=179174"}],"curies":[{"name":"wp","href":"https:\/\/api.w.org\/{rel}","templated":true}]}}