{"id":180710,"date":"2026-03-11T17:16:39","date_gmt":"2026-03-11T15:16:39","guid":{"rendered":"https:\/\/www.sekundomer.ee\/?p=180710"},"modified":"2026-03-11T17:16:39","modified_gmt":"2026-03-11T15:16:39","slug":"kergejoustiku-sisemaailmameistrivoistlustel-osaleb-neli-eesti-sportlast","status":"publish","type":"post","link":"https:\/\/www.sekundomer.ee\/et\/uudised\/kergejoustiku-sisemaailmameistrivoistlustel-osaleb-neli-eesti-sportlast\/","title":{"rendered":"Kergej\u00f5ustiku sisemaailmameistriv\u00f5istlustel osaleb neli Eesti sportlast"},"content":{"rendered":"<p>Eesti Kergej\u00f5ustikuliidu juhatus kinnitas t\u00e4na, 11. m\u00e4rtsil toimunud koosolekul Eesti koondise eelseisvateks sisemaailmameistriv\u00f5istlusteks.<\/p>\n<p>20.-22. m\u00e4rtsil Poolas Torunis toimuvatel v\u00f5istlustel esindavad Eestit neli sportlast: teivash\u00fcppaja Marleen M\u00fclla, t\u00f5kkejooksja Kreete Verlin, mitmev\u00f5istleja Rasmus Roosleht (pildil) ja 800 m jooksja Uku Renek Kronbergs.<\/p>\n<p>Kronbergs asub starti 20. m\u00e4rtsil, Roosleht on v\u00f5istlustules 20.-21. m\u00e4rtsil ning M\u00fclla ja Verlin v\u00f5istlevad 22. m\u00e4rtsil.<\/p>\n<p>Varasemalt olid v\u00f5istlustel osalemisest loobunud mitmev\u00f5istlejad Johannes Erm ning Risto Lillemets, kellel oleks v\u00f5imalus avanenud t\u00e4nu Ermi loobumisele. Viimasel hetkel kutse saanud sprinter Ann Marii Kivikas ja t\u00f5kkejooksja Anna Maria Millend otsustasid samuti osalemisest loobuda ning keskenduda v\u00e4lihooajaks valmistumisele.<\/p>\n","protected":false},"excerpt":{"rendered":"<p>Eesti Kergej\u00f5ustikuliidu juhatus kinnitas t\u00e4na, 11. m\u00e4rtsil toimunud koosolekul Eesti koondise eelseisvateks sisemaailmameistriv\u00f5istlusteks. 20.-22. m\u00e4rtsil Poolas Torunis toimuvatel v\u00f5istlustel esindavad Eestit neli sportlast: teivash\u00fcppaja Marleen M\u00fclla, t\u00f5kkejooksja Kreete Verlin, mitmev\u00f5istleja Rasmus Roosleht (pildil) ja 800 m jooksja Uku Renek Kronbergs. Kronbergs asub starti 20. m\u00e4rtsil, Roosleht on v\u00f5istlustules 20.-21. m\u00e4rtsil ning M\u00fclla ja Verlin v\u00f5istlevad [&hellip;]<\/p>\n","protected":false},"author":80,"featured_media":179376,"comment_status":"open","ping_status":"open","sticky":false,"template":"","format":"standard","meta":{"_seopress_robots_primary_cat":"none","_seopress_titles_title":"","_seopress_titles_desc":"","_seopress_robots_index":"","footnotes":""},"categories":[201,142],"tags":[],"class_list":{"0":"post-180710","1":"post","2":"type-post","3":"status-publish","4":"format-standard","5":"has-post-thumbnail","7":"category-kergejoustik","8":"category-uudised"},"_links":{"self":[{"href":"https:\/\/www.sekundomer.ee\/et\/wp-json\/wp\/v2\/posts\/180710","targetHints":{"allow":["GET"]}}],"collection":[{"href":"https:\/\/www.sekundomer.ee\/et\/wp-json\/wp\/v2\/posts"}],"about":[{"href":"https:\/\/www.sekundomer.ee\/et\/wp-json\/wp\/v2\/types\/post"}],"author":[{"embeddable":true,"href":"https:\/\/www.sekundomer.ee\/et\/wp-json\/wp\/v2\/users\/80"}],"replies":[{"embeddable":true,"href":"https:\/\/www.sekundomer.ee\/et\/wp-json\/wp\/v2\/comments?post=180710"}],"version-history":[{"count":1,"href":"https:\/\/www.sekundomer.ee\/et\/wp-json\/wp\/v2\/posts\/180710\/revisions"}],"predecessor-version":[{"id":180711,"href":"https:\/\/www.sekundomer.ee\/et\/wp-json\/wp\/v2\/posts\/180710\/revisions\/180711"}],"wp:featuredmedia":[{"embeddable":true,"href":"https:\/\/www.sekundomer.ee\/et\/wp-json\/wp\/v2\/media\/179376"}],"wp:attachment":[{"href":"https:\/\/www.sekundomer.ee\/et\/wp-json\/wp\/v2\/media?parent=180710"}],"wp:term":[{"taxonomy":"category","embeddable":true,"href":"https:\/\/www.sekundomer.ee\/et\/wp-json\/wp\/v2\/categories?post=180710"},{"taxonomy":"post_tag","embeddable":true,"href":"https:\/\/www.sekundomer.ee\/et\/wp-json\/wp\/v2\/tags?post=180710"}],"curies":[{"name":"wp","href":"https:\/\/api.w.org\/{rel}","templated":true}]}}