{"id":180807,"date":"2026-03-17T06:24:38","date_gmt":"2026-03-17T04:24:38","guid":{"rendered":"https:\/\/www.sekundomer.ee\/?p=180807"},"modified":"2026-03-17T06:25:41","modified_gmt":"2026-03-17T04:25:41","slug":"euroopa-talvistel-heitealade-karikavoistlustel-tegid-parimad-etteasted-iir-ja-tugi","status":"publish","type":"post","link":"https:\/\/www.sekundomer.ee\/et\/uudised\/euroopa-talvistel-heitealade-karikavoistlustel-tegid-parimad-etteasted-iir-ja-tugi\/","title":{"rendered":"Euroopa talvistel heitealade karikav\u00f5istlustel tegid parimad etteasted Iir ja Tugi"},"content":{"rendered":"<p>M\u00f6\u00f6dunud n\u00e4dalavahetusel peeti K\u00fcprosel Euroopa talvised heitealade karikav\u00f5istlused. Vihmases ja tuulises Nicosias tegid Eesti sportlastest parimad esitused Sten-Erik Iir ja Gedly Tugi, vahetab ekjl.ee.<\/p>\n<p>Alles U20 vanuseklassi kuuluv Sten-Erik Iir v\u00f5istles kettaheites U23 vanuseklassi noormeestega ning saavutas neljanda koha uue isikliku rekordiga 55.12. Oma senist tippmarki parandas ta pooleteise meetri v\u00f5rra. Medalist j\u00e4i teda lahutama 21 sentimeetrit. V\u00f5itjaks tuli ukrainlane Mykhailo Brudin tulemusega 58.55.<\/p>\n<p>Gedly Tugi sai odaviskes viimasel katsel kirja tulemuse 57.90, mis andis talle viienda koha. V\u00f5itjaks tuli prantslanna Jade Maraval, kes \u00fcletas ainsana 60 meetri piiri ning sai kirja tulemuse 60.02. U23 vanuseklassi odaviskes sai Johanna Elisabeth Ader seitsmenda koha tulemusega 46.17.<\/p>\n<p>Meeste odaviskes sai Kunnar Erich Viisel 14. koha tulemusega 73.60. Tristan Aik Sild sai U23 odaviskes 10. koha tulemusega 67.52.<\/p>\n<p>Adam Kelly sai vasaraheites kirja tulemuse 71.76, mis andis 12. koha. Noormeeste U23 vanuseklassi vasaraheites sai Alar Reiljan kaheksanda koha tulemusega 64.79.<\/p>\n<p>Katarina Verst, kes kuulub veel U20 vanuseklassi, osales U23 kettaheites ning sai 15. koha tulemusega 44.49. Noora Liisa Ader sai naiste kettaheites 24. koha tulemusega 42.00. Meeste kettaheites sai Gevin Genro Paas 23. koha tulemusega 49.56.<\/p>\n<p>Andri Matrov oli U23 vanuseklassi kuulit\u00f5ukes 13. kohal tulemusega 15.82.<\/p>\n<p><em>Sten-Erik Iir Foto: ETC 2026\/Chara Savvidou<\/em><\/p>\n","protected":false},"excerpt":{"rendered":"<p>M\u00f6\u00f6dunud n\u00e4dalavahetusel peeti K\u00fcprosel Euroopa talvised heitealade karikav\u00f5istlused. Vihmases ja tuulises Nicosias tegid Eesti sportlastest parimad esitused Sten-Erik Iir ja Gedly Tugi, vahetab ekjl.ee. Alles U20 vanuseklassi kuuluv Sten-Erik Iir v\u00f5istles kettaheites U23 vanuseklassi noormeestega ning saavutas neljanda koha uue isikliku rekordiga 55.12. Oma senist tippmarki parandas ta pooleteise meetri v\u00f5rra. Medalist j\u00e4i teda lahutama [&hellip;]<\/p>\n","protected":false},"author":80,"featured_media":180808,"comment_status":"open","ping_status":"open","sticky":false,"template":"","format":"standard","meta":{"_seopress_robots_primary_cat":"none","_seopress_titles_title":"","_seopress_titles_desc":"","_seopress_robots_index":"","footnotes":""},"categories":[201,142],"tags":[],"class_list":{"0":"post-180807","1":"post","2":"type-post","3":"status-publish","4":"format-standard","5":"has-post-thumbnail","7":"category-kergejoustik","8":"category-uudised"},"_links":{"self":[{"href":"https:\/\/www.sekundomer.ee\/et\/wp-json\/wp\/v2\/posts\/180807","targetHints":{"allow":["GET"]}}],"collection":[{"href":"https:\/\/www.sekundomer.ee\/et\/wp-json\/wp\/v2\/posts"}],"about":[{"href":"https:\/\/www.sekundomer.ee\/et\/wp-json\/wp\/v2\/types\/post"}],"author":[{"embeddable":true,"href":"https:\/\/www.sekundomer.ee\/et\/wp-json\/wp\/v2\/users\/80"}],"replies":[{"embeddable":true,"href":"https:\/\/www.sekundomer.ee\/et\/wp-json\/wp\/v2\/comments?post=180807"}],"version-history":[{"count":1,"href":"https:\/\/www.sekundomer.ee\/et\/wp-json\/wp\/v2\/posts\/180807\/revisions"}],"predecessor-version":[{"id":180809,"href":"https:\/\/www.sekundomer.ee\/et\/wp-json\/wp\/v2\/posts\/180807\/revisions\/180809"}],"wp:featuredmedia":[{"embeddable":true,"href":"https:\/\/www.sekundomer.ee\/et\/wp-json\/wp\/v2\/media\/180808"}],"wp:attachment":[{"href":"https:\/\/www.sekundomer.ee\/et\/wp-json\/wp\/v2\/media?parent=180807"}],"wp:term":[{"taxonomy":"category","embeddable":true,"href":"https:\/\/www.sekundomer.ee\/et\/wp-json\/wp\/v2\/categories?post=180807"},{"taxonomy":"post_tag","embeddable":true,"href":"https:\/\/www.sekundomer.ee\/et\/wp-json\/wp\/v2\/tags?post=180807"}],"curies":[{"name":"wp","href":"https:\/\/api.w.org\/{rel}","templated":true}]}}