{"id":99160,"date":"2020-05-31T18:58:46","date_gmt":"2020-05-31T15:58:46","guid":{"rendered":"https:\/\/www.sekundomer.ee\/?p=99160"},"modified":"2020-05-31T18:58:46","modified_gmt":"2020-05-31T15:58:46","slug":"eesti-kergejoustikuliidu-juhatus-kinnitas-erinevate-vanuseklasside-eesti-meistrivoistluste-ajad-ja-kohad","status":"publish","type":"post","link":"https:\/\/www.sekundomer.ee\/et\/uudised\/eesti-kergejoustikuliidu-juhatus-kinnitas-erinevate-vanuseklasside-eesti-meistrivoistluste-ajad-ja-kohad\/","title":{"rendered":"Eesti kergej\u00f5ustikuliidu juhatus kinnitas erinevate vanuseklasside Eesti meistriv\u00f5istluste ajad ja kohad"},"content":{"rendered":"<p>Eesti kergej\u00f5ustikuliidu juhatus kinnitas erinevate vanuseklasside Eesti meistriv\u00f5istluste ajad ja kohad.<\/p>\n<p>Juhime teie t\u00e4helepanu kalendrile juuli &#8211; august 2020:<\/p>\n<p>JUULI 2020<\/p>\n<ul>\n<li>Eesti MV teatejooksudes (U16, U18, U20, T)\u00a0\u2013 11. juuli, P\u00e4rnu<\/li>\n<li>Eesti U20 ja T karikav\u00f5istlused ja 10 000 m EMV\u00a0\u2013 19. juuli, Kadrioru staadion, Tallinn<\/li>\n<li>Eesti MV (U14, U16)\u00a0\u2013 21.-22. juuli, Rakvere<\/li>\n<li>Eesti MV (U18, U20, U23)\u00a0\u2013 23.-24. juuli, Rakvere<\/li>\n<li>Balti v\u00f5istkondlikud meistriv\u00f5istlused (U16)\u00a0\u2013 28. juuli, Ogre, L\u00e4ti<\/li>\n<\/ul>\n<p>AUGUST 2020<\/p>\n<ul>\n<li>Balti v\u00f5istkondlikud meistriv\u00f5istlused (U18, U20)\u00a0\u2013 1.-2. august, P\u00e4rnu<\/li>\n<li>Eesti MV (koos mitmev\u00f5istlusega)\u00a0\u2013 8.-9. august, Tallinn<\/li>\n<li>Eesti mitmev\u00f5istluse MV (U14, U16, U18, U20 , U23)\u00a0\u2013 12.-13. august, Tamme staadion, Tartu<\/li>\n<li>Balti v\u00f5istkondlikud meistriv\u00f5istlused (T) ja Presidendi Cup\u00a0\u2013 14.-15. august, Ogre, L\u00e4ti<\/li>\n<li>P\u00e4rnu Rannastaadioni kergej\u00f5ustiku\u00f5htu\u00a0\u2013 22. august, P\u00e4rnu<\/li>\n<li>TV 10 ol\u00fcmpiastarti 49. hooaja III etapp\u00a0\u2013 30. august , V\u00f5ru<\/li>\n<\/ul>\n<p><em>EKJL<\/em><\/p>\n","protected":false},"excerpt":{"rendered":"<p>Eesti kergej\u00f5ustikuliidu juhatus kinnitas erinevate vanuseklasside Eesti meistriv\u00f5istluste ajad ja kohad. Juhime teie t\u00e4helepanu kalendrile juuli &#8211; august 2020: JUULI 2020 Eesti MV teatejooksudes (U16, U18, U20, T)\u00a0\u2013 11. juuli, P\u00e4rnu Eesti U20 ja T karikav\u00f5istlused ja 10 000 m EMV\u00a0\u2013 19. juuli, Kadrioru staadion, Tallinn Eesti MV (U14, U16)\u00a0\u2013 21.-22. juuli, Rakvere Eesti MV [&hellip;]<\/p>\n","protected":false},"author":80,"featured_media":99163,"comment_status":"open","ping_status":"open","sticky":false,"template":"","format":"standard","meta":{"_seopress_robots_primary_cat":"none","_seopress_titles_title":"","_seopress_titles_desc":"","_seopress_robots_index":"","footnotes":""},"categories":[201,142],"tags":[],"class_list":{"0":"post-99160","1":"post","2":"type-post","3":"status-publish","4":"format-standard","5":"has-post-thumbnail","7":"category-kergejoustik","8":"category-uudised"},"_links":{"self":[{"href":"https:\/\/www.sekundomer.ee\/et\/wp-json\/wp\/v2\/posts\/99160","targetHints":{"allow":["GET"]}}],"collection":[{"href":"https:\/\/www.sekundomer.ee\/et\/wp-json\/wp\/v2\/posts"}],"about":[{"href":"https:\/\/www.sekundomer.ee\/et\/wp-json\/wp\/v2\/types\/post"}],"author":[{"embeddable":true,"href":"https:\/\/www.sekundomer.ee\/et\/wp-json\/wp\/v2\/users\/80"}],"replies":[{"embeddable":true,"href":"https:\/\/www.sekundomer.ee\/et\/wp-json\/wp\/v2\/comments?post=99160"}],"version-history":[{"count":0,"href":"https:\/\/www.sekundomer.ee\/et\/wp-json\/wp\/v2\/posts\/99160\/revisions"}],"wp:featuredmedia":[{"embeddable":true,"href":"https:\/\/www.sekundomer.ee\/et\/wp-json\/wp\/v2\/media\/99163"}],"wp:attachment":[{"href":"https:\/\/www.sekundomer.ee\/et\/wp-json\/wp\/v2\/media?parent=99160"}],"wp:term":[{"taxonomy":"category","embeddable":true,"href":"https:\/\/www.sekundomer.ee\/et\/wp-json\/wp\/v2\/categories?post=99160"},{"taxonomy":"post_tag","embeddable":true,"href":"https:\/\/www.sekundomer.ee\/et\/wp-json\/wp\/v2\/tags?post=99160"}],"curies":[{"name":"wp","href":"https:\/\/api.w.org\/{rel}","templated":true}]}}